{"id":5634,"date":"2018-04-09T09:17:41","date_gmt":"2018-04-09T09:17:41","guid":{"rendered":"http:\/.es\/?p=5634"},"modified":"2018-04-18T09:18:02","modified_gmt":"2018-04-18T09:18:02","slug":"el-puerto-de-algeciras-completa-una-mision-comercial-en-costa-rica","status":"publish","type":"post","link":"https:\/\/comport.es\/index.php\/noticias\/el-puerto-de-algeciras-completa-una-mision-comercial-en-costa-rica\/","title":{"rendered":"El Puerto de Algeciras completa una misi\u00f3n comercial en Costa Rica"},"content":{"rendered":"<p><strong>Refuerza su alianza con el pa\u00eds centroamericano, uno de los grandes exportadores de productos refrigerados en la d\u00e1rsena algecire\u00f1a<\/strong><\/p>\n<p>El Puerto de Algeciras ultima a estas horas su Misi\u00f3n Comercial en Costa Rica, tras un intenso fin de semana en el que de la mano de la Asociaci\u00f3n Nacional de Exportadores de Pi\u00f1a y la Corporaci\u00f3n Nacional de Exportadores de Banana, la delegaci\u00f3n desplazada hasta el pa\u00eds centroamericano ha tenido la oportunidad de visitar los campos de las principales empresas productoras de ambas frutas con destino al mercado europeo. Con los responsables de ambas asociaciones, as\u00ed como con la C\u00e1mara de Exportadores (CADEXCO), han mantenido diversos encuentros de trabajo coordinados por la Promotora del Comercio Exterior en Costa Rica (PROCOMER).<\/p>\n<p>En los \u00faltimos d\u00edas la agenda de la misi\u00f3n organizada por la Autoridad Portuaria de la Bah\u00eda de Algeciras (APBA) y la Agencia Andaluza de Promoci\u00f3n Exterior (Extenda) ha sido intensa, arrancando con la presentaci\u00f3n de la oferta del Puerto de Algeciras en un acto presidido por el Embajador de Espa\u00f1a en Costa Rica, Jes\u00fas Mar\u00eda Rodr\u00edguez-And\u00eda. Asimismo la delegaci\u00f3n algecire\u00f1a ha visitado los d\u00e1rsenas de Lim\u00f3n y Mo\u00edn, con las que el Puerto de Algeciras est\u00e1 conectado directamente y sin transbordos por varias navieras. All\u00ed ultima nuevas instalaciones APMT, donde construye una terminal que entrar\u00e1 en operaciones a finales de a\u00f1o y est\u00e1 llamada a ser una de las de mayor actividad del Caribe.<\/p>\n<p>Adem\u00e1s de responsables de la APBA y Extenda, hasta Costa Rica se han desplazado las empresas Tr\u00e1nsito 2000, Dalse, Bernardino Abad, Mertramar, ECS 360, ECS Big Proyect, Tiba Spain, Algetransit, Agromerchants, Macpherson, Torrecere\u00f1a, TTIA Algeciras, ZME, Almacenamiento Fr\u00edo y Log\u00edstica del Sur, Transbull, Activa, AIO y Marmedsa.<\/p>\n<p>Costa Rica es uno de los principales socios comerciales del Puerto de Algeciras en tr\u00e1ficos refrigerados. Desde el pa\u00eds caribe\u00f1o llegan a Europa v\u00eda Algeciras productos como pi\u00f1as, pl\u00e1tano y uvas para su distribuci\u00f3n por todo el continente.<\/p>\n<p><strong>FUENTE<\/strong>: VIVA CAMPO DE GIBRALTAR<\/p>\n","protected":false},"excerpt":{"rendered":"<p>Refuerza su alianza con el pa\u00eds centroamericano, uno de los grandes exportadores de productos refrigerados en la d\u00e1rsena algecire\u00f1a El Puerto de Algeciras ultima a estas horas su Misi\u00f3n Comercial en Costa Rica, tras un intenso fin de semana en el que de la mano [&hellip;]<\/p>\n","protected":false},"author":1,"featured_media":5630,"comment_status":"open","ping_status":"open","sticky":false,"template":"","format":"standard","meta":{"footnotes":""},"categories":[921],"tags":[],"class_list":["post-5634","post","type-post","status-publish","format-standard","has-post-thumbnail","hentry","category-noticias"],"yoast_head":"<!-- This site is optimized with the Yoast SEO plugin v27.4 - https:\/\/yoast.com\/product\/yoast-seo-wordpress\/ -->\n<title>El Puerto de Algeciras completa una misi\u00f3n comercial en Costa Rica | COMPORT<\/title>\n<meta name=\"robots\" content=\"noindex, follow\" \/>\n<meta property=\"og:locale\" content=\"es_ES\" \/>\n<meta property=\"og:type\" content=\"article\" \/>\n<meta property=\"og:title\" content=\"El Puerto de Algeciras completa una misi\u00f3n comercial en Costa Rica | COMPORT\" \/>\n<meta property=\"og:description\" content=\"Refuerza su alianza con el pa\u00eds centroamericano, uno de los grandes exportadores de productos refrigerados en la d\u00e1rsena algecire\u00f1a El Puerto de Algeciras ultima a estas horas su Misi\u00f3n Comercial en Costa Rica, tras un intenso fin de semana en el que de la mano [&hellip;]\" \/>\n<meta property=\"og:url\" content=\"https:\/\/comport.es\/index.php\/noticias\/el-puerto-de-algeciras-completa-una-mision-comercial-en-costa-rica\/\" \/>\n<meta property=\"og:site_name\" content=\"COMPORT\" \/>\n<meta property=\"article:published_time\" content=\"2018-04-09T09:17:41+00:00\" \/>\n<meta property=\"article:modified_time\" content=\"2018-04-18T09:18:02+00:00\" \/>\n<meta property=\"og:image\" content=\"https:\/\/comport.es\/wp-content\/uploads\/2018\/03\/COSTARICA.jpg\" \/>\n\t<meta property=\"og:image:width\" content=\"1300\" \/>\n\t<meta property=\"og:image:height\" content=\"722\" \/>\n\t<meta property=\"og:image:type\" content=\"image\/jpeg\" \/>\n<meta name=\"author\" content=\"admincomport\" \/>\n<meta name=\"twitter:card\" content=\"summary_large_image\" \/>\n<meta name=\"twitter:label1\" content=\"Escrito por\" \/>\n\t<meta name=\"twitter:data1\" content=\"admincomport\" \/>\n\t<meta name=\"twitter:label2\" content=\"Tiempo de lectura\" \/>\n\t<meta name=\"twitter:data2\" content=\"2 minutos\" \/>\n<script type=\"application\/ld+json\" class=\"yoast-schema-graph\">{\"@context\":\"https:\\\/\\\/schema.org\",\"@graph\":[{\"@type\":\"Article\",\"@id\":\"https:\\\/\\\/comport.es\\\/index.php\\\/noticias\\\/el-puerto-de-algeciras-completa-una-mision-comercial-en-costa-rica\\\/#article\",\"isPartOf\":{\"@id\":\"https:\\\/\\\/comport.es\\\/index.php\\\/noticias\\\/el-puerto-de-algeciras-completa-una-mision-comercial-en-costa-rica\\\/\"},\"author\":{\"name\":\"admincomport\",\"@id\":\"https:\\\/\\\/comport.es\\\/#\\\/schema\\\/person\\\/9277649f8e04dd48c3d73bbaf2c7bebc\"},\"headline\":\"El Puerto de Algeciras completa una misi\u00f3n comercial en Costa Rica\",\"datePublished\":\"2018-04-09T09:17:41+00:00\",\"dateModified\":\"2018-04-18T09:18:02+00:00\",\"mainEntityOfPage\":{\"@id\":\"https:\\\/\\\/comport.es\\\/index.php\\\/noticias\\\/el-puerto-de-algeciras-completa-una-mision-comercial-en-costa-rica\\\/\"},\"wordCount\":373,\"commentCount\":0,\"publisher\":{\"@id\":\"https:\\\/\\\/comport.es\\\/#organization\"},\"image\":{\"@id\":\"https:\\\/\\\/comport.es\\\/index.php\\\/noticias\\\/el-puerto-de-algeciras-completa-una-mision-comercial-en-costa-rica\\\/#primaryimage\"},\"thumbnailUrl\":\"https:\\\/\\\/comport.es\\\/wp-content\\\/uploads\\\/2018\\\/03\\\/COSTARICA.jpg\",\"articleSection\":[\"Noticias\"],\"inLanguage\":\"es\",\"potentialAction\":[{\"@type\":\"CommentAction\",\"name\":\"Comment\",\"target\":[\"https:\\\/\\\/comport.es\\\/index.php\\\/noticias\\\/el-puerto-de-algeciras-completa-una-mision-comercial-en-costa-rica\\\/#respond\"]}]},{\"@type\":\"WebPage\",\"@id\":\"https:\\\/\\\/comport.es\\\/index.php\\\/noticias\\\/el-puerto-de-algeciras-completa-una-mision-comercial-en-costa-rica\\\/\",\"url\":\"https:\\\/\\\/comport.es\\\/index.php\\\/noticias\\\/el-puerto-de-algeciras-completa-una-mision-comercial-en-costa-rica\\\/\",\"name\":\"El Puerto de Algeciras completa una misi\u00f3n comercial en Costa Rica | COMPORT\",\"isPartOf\":{\"@id\":\"https:\\\/\\\/comport.es\\\/#website\"},\"primaryImageOfPage\":{\"@id\":\"https:\\\/\\\/comport.es\\\/index.php\\\/noticias\\\/el-puerto-de-algeciras-completa-una-mision-comercial-en-costa-rica\\\/#primaryimage\"},\"image\":{\"@id\":\"https:\\\/\\\/comport.es\\\/index.php\\\/noticias\\\/el-puerto-de-algeciras-completa-una-mision-comercial-en-costa-rica\\\/#primaryimage\"},\"thumbnailUrl\":\"https:\\\/\\\/comport.es\\\/wp-content\\\/uploads\\\/2018\\\/03\\\/COSTARICA.jpg\",\"datePublished\":\"2018-04-09T09:17:41+00:00\",\"dateModified\":\"2018-04-18T09:18:02+00:00\",\"breadcrumb\":{\"@id\":\"https:\\\/\\\/comport.es\\\/index.php\\\/noticias\\\/el-puerto-de-algeciras-completa-una-mision-comercial-en-costa-rica\\\/#breadcrumb\"},\"inLanguage\":\"es\",\"potentialAction\":[{\"@type\":\"ReadAction\",\"target\":[\"https:\\\/\\\/comport.es\\\/index.php\\\/noticias\\\/el-puerto-de-algeciras-completa-una-mision-comercial-en-costa-rica\\\/\"]}]},{\"@type\":\"ImageObject\",\"inLanguage\":\"es\",\"@id\":\"https:\\\/\\\/comport.es\\\/index.php\\\/noticias\\\/el-puerto-de-algeciras-completa-una-mision-comercial-en-costa-rica\\\/#primaryimage\",\"url\":\"https:\\\/\\\/comport.es\\\/wp-content\\\/uploads\\\/2018\\\/03\\\/COSTARICA.jpg\",\"contentUrl\":\"https:\\\/\\\/comport.es\\\/wp-content\\\/uploads\\\/2018\\\/03\\\/COSTARICA.jpg\",\"width\":1300,\"height\":722},{\"@type\":\"BreadcrumbList\",\"@id\":\"https:\\\/\\\/comport.es\\\/index.php\\\/noticias\\\/el-puerto-de-algeciras-completa-una-mision-comercial-en-costa-rica\\\/#breadcrumb\",\"itemListElement\":[{\"@type\":\"ListItem\",\"position\":1,\"name\":\"Portada\",\"item\":\"https:\\\/\\\/comport.es\\\/\"},{\"@type\":\"ListItem\",\"position\":2,\"name\":\"El Puerto de Algeciras completa una misi\u00f3n comercial en Costa Rica\"}]},{\"@type\":\"WebSite\",\"@id\":\"https:\\\/\\\/comport.es\\\/#website\",\"url\":\"https:\\\/\\\/comport.es\\\/\",\"name\":\"COMPORT\",\"description\":\"Port Community of Algeciras Bay\",\"publisher\":{\"@id\":\"https:\\\/\\\/comport.es\\\/#organization\"},\"potentialAction\":[{\"@type\":\"SearchAction\",\"target\":{\"@type\":\"EntryPoint\",\"urlTemplate\":\"https:\\\/\\\/comport.es\\\/?s={search_term_string}\"},\"query-input\":{\"@type\":\"PropertyValueSpecification\",\"valueRequired\":true,\"valueName\":\"search_term_string\"}}],\"inLanguage\":\"es\"},{\"@type\":\"Organization\",\"@id\":\"https:\\\/\\\/comport.es\\\/#organization\",\"name\":\"ALGECIRAS PORT COMMUNITY - COMPORT\",\"url\":\"https:\\\/\\\/comport.es\\\/\",\"logo\":{\"@type\":\"ImageObject\",\"inLanguage\":\"es\",\"@id\":\"https:\\\/\\\/comport.es\\\/#\\\/schema\\\/logo\\\/image\\\/\",\"url\":\"https:\\\/\\\/comport.es\\\/wp-content\\\/uploads\\\/2020\\\/10\\\/logo_comport_20m.png\",\"contentUrl\":\"https:\\\/\\\/comport.es\\\/wp-content\\\/uploads\\\/2020\\\/10\\\/logo_comport_20m.png\",\"width\":600,\"height\":170,\"caption\":\"ALGECIRAS PORT COMMUNITY - COMPORT\"},\"image\":{\"@id\":\"https:\\\/\\\/comport.es\\\/#\\\/schema\\\/logo\\\/image\\\/\"}},{\"@type\":\"Person\",\"@id\":\"https:\\\/\\\/comport.es\\\/#\\\/schema\\\/person\\\/9277649f8e04dd48c3d73bbaf2c7bebc\",\"name\":\"admincomport\"}]}<\/script>\n<!-- \/ Yoast SEO plugin. -->","yoast_head_json":{"title":"El Puerto de Algeciras completa una misi\u00f3n comercial en Costa Rica | COMPORT","robots":{"index":"noindex","follow":"follow"},"og_locale":"es_ES","og_type":"article","og_title":"El Puerto de Algeciras completa una misi\u00f3n comercial en Costa Rica | COMPORT","og_description":"Refuerza su alianza con el pa\u00eds centroamericano, uno de los grandes exportadores de productos refrigerados en la d\u00e1rsena algecire\u00f1a El Puerto de Algeciras ultima a estas horas su Misi\u00f3n Comercial en Costa Rica, tras un intenso fin de semana en el que de la mano [&hellip;]","og_url":"https:\/\/comport.es\/index.php\/noticias\/el-puerto-de-algeciras-completa-una-mision-comercial-en-costa-rica\/","og_site_name":"COMPORT","article_published_time":"2018-04-09T09:17:41+00:00","article_modified_time":"2018-04-18T09:18:02+00:00","og_image":[{"width":1300,"height":722,"url":"https:\/\/comport.es\/wp-content\/uploads\/2018\/03\/COSTARICA.jpg","type":"image\/jpeg"}],"author":"admincomport","twitter_card":"summary_large_image","twitter_misc":{"Escrito por":"admincomport","Tiempo de lectura":"2 minutos"},"schema":{"@context":"https:\/\/schema.org","@graph":[{"@type":"Article","@id":"https:\/\/comport.es\/index.php\/noticias\/el-puerto-de-algeciras-completa-una-mision-comercial-en-costa-rica\/#article","isPartOf":{"@id":"https:\/\/comport.es\/index.php\/noticias\/el-puerto-de-algeciras-completa-una-mision-comercial-en-costa-rica\/"},"author":{"name":"admincomport","@id":"https:\/\/comport.es\/#\/schema\/person\/9277649f8e04dd48c3d73bbaf2c7bebc"},"headline":"El Puerto de Algeciras completa una misi\u00f3n comercial en Costa Rica","datePublished":"2018-04-09T09:17:41+00:00","dateModified":"2018-04-18T09:18:02+00:00","mainEntityOfPage":{"@id":"https:\/\/comport.es\/index.php\/noticias\/el-puerto-de-algeciras-completa-una-mision-comercial-en-costa-rica\/"},"wordCount":373,"commentCount":0,"publisher":{"@id":"https:\/\/comport.es\/#organization"},"image":{"@id":"https:\/\/comport.es\/index.php\/noticias\/el-puerto-de-algeciras-completa-una-mision-comercial-en-costa-rica\/#primaryimage"},"thumbnailUrl":"https:\/\/comport.es\/wp-content\/uploads\/2018\/03\/COSTARICA.jpg","articleSection":["Noticias"],"inLanguage":"es","potentialAction":[{"@type":"CommentAction","name":"Comment","target":["https:\/\/comport.es\/index.php\/noticias\/el-puerto-de-algeciras-completa-una-mision-comercial-en-costa-rica\/#respond"]}]},{"@type":"WebPage","@id":"https:\/\/comport.es\/index.php\/noticias\/el-puerto-de-algeciras-completa-una-mision-comercial-en-costa-rica\/","url":"https:\/\/comport.es\/index.php\/noticias\/el-puerto-de-algeciras-completa-una-mision-comercial-en-costa-rica\/","name":"El Puerto de Algeciras completa una misi\u00f3n comercial en Costa Rica | COMPORT","isPartOf":{"@id":"https:\/\/comport.es\/#website"},"primaryImageOfPage":{"@id":"https:\/\/comport.es\/index.php\/noticias\/el-puerto-de-algeciras-completa-una-mision-comercial-en-costa-rica\/#primaryimage"},"image":{"@id":"https:\/\/comport.es\/index.php\/noticias\/el-puerto-de-algeciras-completa-una-mision-comercial-en-costa-rica\/#primaryimage"},"thumbnailUrl":"https:\/\/comport.es\/wp-content\/uploads\/2018\/03\/COSTARICA.jpg","datePublished":"2018-04-09T09:17:41+00:00","dateModified":"2018-04-18T09:18:02+00:00","breadcrumb":{"@id":"https:\/\/comport.es\/index.php\/noticias\/el-puerto-de-algeciras-completa-una-mision-comercial-en-costa-rica\/#breadcrumb"},"inLanguage":"es","potentialAction":[{"@type":"ReadAction","target":["https:\/\/comport.es\/index.php\/noticias\/el-puerto-de-algeciras-completa-una-mision-comercial-en-costa-rica\/"]}]},{"@type":"ImageObject","inLanguage":"es","@id":"https:\/\/comport.es\/index.php\/noticias\/el-puerto-de-algeciras-completa-una-mision-comercial-en-costa-rica\/#primaryimage","url":"https:\/\/comport.es\/wp-content\/uploads\/2018\/03\/COSTARICA.jpg","contentUrl":"https:\/\/comport.es\/wp-content\/uploads\/2018\/03\/COSTARICA.jpg","width":1300,"height":722},{"@type":"BreadcrumbList","@id":"https:\/\/comport.es\/index.php\/noticias\/el-puerto-de-algeciras-completa-una-mision-comercial-en-costa-rica\/#breadcrumb","itemListElement":[{"@type":"ListItem","position":1,"name":"Portada","item":"https:\/\/comport.es\/"},{"@type":"ListItem","position":2,"name":"El Puerto de Algeciras completa una misi\u00f3n comercial en Costa Rica"}]},{"@type":"WebSite","@id":"https:\/\/comport.es\/#website","url":"https:\/\/comport.es\/","name":"COMPORT","description":"Port Community of Algeciras Bay","publisher":{"@id":"https:\/\/comport.es\/#organization"},"potentialAction":[{"@type":"SearchAction","target":{"@type":"EntryPoint","urlTemplate":"https:\/\/comport.es\/?s={search_term_string}"},"query-input":{"@type":"PropertyValueSpecification","valueRequired":true,"valueName":"search_term_string"}}],"inLanguage":"es"},{"@type":"Organization","@id":"https:\/\/comport.es\/#organization","name":"ALGECIRAS PORT COMMUNITY - COMPORT","url":"https:\/\/comport.es\/","logo":{"@type":"ImageObject","inLanguage":"es","@id":"https:\/\/comport.es\/#\/schema\/logo\/image\/","url":"https:\/\/comport.es\/wp-content\/uploads\/2020\/10\/logo_comport_20m.png","contentUrl":"https:\/\/comport.es\/wp-content\/uploads\/2020\/10\/logo_comport_20m.png","width":600,"height":170,"caption":"ALGECIRAS PORT COMMUNITY - COMPORT"},"image":{"@id":"https:\/\/comport.es\/#\/schema\/logo\/image\/"}},{"@type":"Person","@id":"https:\/\/comport.es\/#\/schema\/person\/9277649f8e04dd48c3d73bbaf2c7bebc","name":"admincomport"}]}},"_links":{"self":[{"href":"https:\/\/comport.es\/index.php\/wp-json\/wp\/v2\/posts\/5634","targetHints":{"allow":["GET"]}}],"collection":[{"href":"https:\/\/comport.es\/index.php\/wp-json\/wp\/v2\/posts"}],"about":[{"href":"https:\/\/comport.es\/index.php\/wp-json\/wp\/v2\/types\/post"}],"author":[{"embeddable":true,"href":"https:\/\/comport.es\/index.php\/wp-json\/wp\/v2\/users\/1"}],"replies":[{"embeddable":true,"href":"https:\/\/comport.es\/index.php\/wp-json\/wp\/v2\/comments?post=5634"}],"version-history":[{"count":1,"href":"https:\/\/comport.es\/index.php\/wp-json\/wp\/v2\/posts\/5634\/revisions"}],"predecessor-version":[{"id":5635,"href":"https:\/\/comport.es\/index.php\/wp-json\/wp\/v2\/posts\/5634\/revisions\/5635"}],"wp:featuredmedia":[{"embeddable":true,"href":"https:\/\/comport.es\/index.php\/wp-json\/wp\/v2\/media\/5630"}],"wp:attachment":[{"href":"https:\/\/comport.es\/index.php\/wp-json\/wp\/v2\/media?parent=5634"}],"wp:term":[{"taxonomy":"category","embeddable":true,"href":"https:\/\/comport.es\/index.php\/wp-json\/wp\/v2\/categories?post=5634"},{"taxonomy":"post_tag","embeddable":true,"href":"https:\/\/comport.es\/index.php\/wp-json\/wp\/v2\/tags?post=5634"}],"curies":[{"name":"wp","href":"https:\/\/api.w.org\/{rel}","templated":true}]}}