{"id":5632,"date":"2018-03-12T09:16:12","date_gmt":"2018-03-12T09:16:12","guid":{"rendered":"http:\/.es\/?p=5632"},"modified":"2018-04-18T09:16:28","modified_gmt":"2018-04-18T09:16:28","slug":"el-puerto-de-algeciras-vuelve-a-brasil","status":"publish","type":"post","link":"https:\/\/comport.es\/index.php\/noticias\/el-puerto-de-algeciras-vuelve-a-brasil\/","title":{"rendered":"El Puerto de Algeciras vuelve a Brasil"},"content":{"rendered":"<p><strong>La mayor cita log\u00edstica en la otra orilla del Atl\u00e1ntico<\/strong><\/p>\n<p>La d\u00e1rsena del Estrecho participa en Sao Paulo en la Feria Intermodal South America<\/p>\n<p>La Autoridad Portuaria de la Bah\u00eda de Algeciras (APBA) regresa esta semana a Brasil para participar un a\u00f1o m\u00e1s en la Feria Intermodal South America, la mayor cita log\u00edstica en la otra orilla del Atl\u00e1ntico que se celebra en la ciudad de Sao Paulo. All\u00ed, los responsables del Puerto de Algeciras mantendr\u00e1n diversos encuentros de trabajo con las principales navieras, operadores log\u00edsticos y puertos que han llevado a la d\u00e1rsena del Estrecho a disponer en la actualidad con una extensa oferta de l\u00edneas regulares que enlazan Algeciras de forma directa con una veintena de pa\u00edses y casi medio centenar de puertos de Norteam\u00e9rica, Centroam\u00e9rica e Iberoam\u00e9rica, tanto en la costa Atl\u00e1ntica como en la Pac\u00edfica.<\/p>\n<p>En Intermodal el Puerto de Algeciras est\u00e1 integrado en el espacio \u201cPorts of Spain\u201d de Puertos del Estado (stand 4-95) del Centro de Exposiciones Sao Paulo Expo, donde oferta su alta conectividad y sus ventajas en log\u00edstica de fr\u00edo, como la disponibilidad de casi 5.000 conexiones reefer en las terminales de contenedores.<\/p>\n<p><strong>FUENTE<\/strong>: EMPRESA EXPERIOR.COM<\/p>\n","protected":false},"excerpt":{"rendered":"<p>La mayor cita log\u00edstica en la otra orilla del Atl\u00e1ntico La d\u00e1rsena del Estrecho participa en Sao Paulo en la Feria Intermodal South America La Autoridad Portuaria de la Bah\u00eda de Algeciras (APBA) regresa esta semana a Brasil para participar un a\u00f1o m\u00e1s en la [&hellip;]<\/p>\n","protected":false},"author":1,"featured_media":5629,"comment_status":"open","ping_status":"open","sticky":false,"template":"","format":"standard","meta":{"footnotes":""},"categories":[921],"tags":[],"class_list":["post-5632","post","type-post","status-publish","format-standard","has-post-thumbnail","hentry","category-noticias"],"yoast_head":"<!-- This site is optimized with the Yoast SEO plugin v27.4 - https:\/\/yoast.com\/product\/yoast-seo-wordpress\/ -->\n<title>El Puerto de Algeciras vuelve a Brasil | COMPORT<\/title>\n<meta name=\"robots\" content=\"noindex, follow\" \/>\n<meta property=\"og:locale\" content=\"es_ES\" \/>\n<meta property=\"og:type\" content=\"article\" \/>\n<meta property=\"og:title\" content=\"El Puerto de Algeciras vuelve a Brasil | COMPORT\" \/>\n<meta property=\"og:description\" content=\"La mayor cita log\u00edstica en la otra orilla del Atl\u00e1ntico La d\u00e1rsena del Estrecho participa en Sao Paulo en la Feria Intermodal South America La Autoridad Portuaria de la Bah\u00eda de Algeciras (APBA) regresa esta semana a Brasil para participar un a\u00f1o m\u00e1s en la [&hellip;]\" \/>\n<meta property=\"og:url\" content=\"https:\/\/comport.es\/index.php\/noticias\/el-puerto-de-algeciras-vuelve-a-brasil\/\" \/>\n<meta property=\"og:site_name\" content=\"COMPORT\" \/>\n<meta property=\"article:published_time\" content=\"2018-03-12T09:16:12+00:00\" \/>\n<meta property=\"article:modified_time\" content=\"2018-04-18T09:16:28+00:00\" \/>\n<meta property=\"og:image\" content=\"https:\/\/comport.es\/wp-content\/uploads\/2018\/03\/brasil.jpg\" \/>\n\t<meta property=\"og:image:width\" content=\"1300\" \/>\n\t<meta property=\"og:image:height\" content=\"722\" \/>\n\t<meta property=\"og:image:type\" content=\"image\/jpeg\" \/>\n<meta name=\"author\" content=\"admincomport\" \/>\n<meta name=\"twitter:card\" content=\"summary_large_image\" \/>\n<meta name=\"twitter:label1\" content=\"Escrito por\" \/>\n\t<meta name=\"twitter:data1\" content=\"admincomport\" \/>\n\t<meta name=\"twitter:label2\" content=\"Tiempo de lectura\" \/>\n\t<meta name=\"twitter:data2\" content=\"1 minuto\" \/>\n<script type=\"application\/ld+json\" class=\"yoast-schema-graph\">{\"@context\":\"https:\\\/\\\/schema.org\",\"@graph\":[{\"@type\":\"Article\",\"@id\":\"https:\\\/\\\/comport.es\\\/index.php\\\/noticias\\\/el-puerto-de-algeciras-vuelve-a-brasil\\\/#article\",\"isPartOf\":{\"@id\":\"https:\\\/\\\/comport.es\\\/index.php\\\/noticias\\\/el-puerto-de-algeciras-vuelve-a-brasil\\\/\"},\"author\":{\"name\":\"admincomport\",\"@id\":\"https:\\\/\\\/comport.es\\\/#\\\/schema\\\/person\\\/9277649f8e04dd48c3d73bbaf2c7bebc\"},\"headline\":\"El Puerto de Algeciras vuelve a Brasil\",\"datePublished\":\"2018-03-12T09:16:12+00:00\",\"dateModified\":\"2018-04-18T09:16:28+00:00\",\"mainEntityOfPage\":{\"@id\":\"https:\\\/\\\/comport.es\\\/index.php\\\/noticias\\\/el-puerto-de-algeciras-vuelve-a-brasil\\\/\"},\"wordCount\":221,\"commentCount\":0,\"publisher\":{\"@id\":\"https:\\\/\\\/comport.es\\\/#organization\"},\"image\":{\"@id\":\"https:\\\/\\\/comport.es\\\/index.php\\\/noticias\\\/el-puerto-de-algeciras-vuelve-a-brasil\\\/#primaryimage\"},\"thumbnailUrl\":\"https:\\\/\\\/comport.es\\\/wp-content\\\/uploads\\\/2018\\\/03\\\/brasil.jpg\",\"articleSection\":[\"Noticias\"],\"inLanguage\":\"es\",\"potentialAction\":[{\"@type\":\"CommentAction\",\"name\":\"Comment\",\"target\":[\"https:\\\/\\\/comport.es\\\/index.php\\\/noticias\\\/el-puerto-de-algeciras-vuelve-a-brasil\\\/#respond\"]}]},{\"@type\":\"WebPage\",\"@id\":\"https:\\\/\\\/comport.es\\\/index.php\\\/noticias\\\/el-puerto-de-algeciras-vuelve-a-brasil\\\/\",\"url\":\"https:\\\/\\\/comport.es\\\/index.php\\\/noticias\\\/el-puerto-de-algeciras-vuelve-a-brasil\\\/\",\"name\":\"El Puerto de Algeciras vuelve a Brasil | COMPORT\",\"isPartOf\":{\"@id\":\"https:\\\/\\\/comport.es\\\/#website\"},\"primaryImageOfPage\":{\"@id\":\"https:\\\/\\\/comport.es\\\/index.php\\\/noticias\\\/el-puerto-de-algeciras-vuelve-a-brasil\\\/#primaryimage\"},\"image\":{\"@id\":\"https:\\\/\\\/comport.es\\\/index.php\\\/noticias\\\/el-puerto-de-algeciras-vuelve-a-brasil\\\/#primaryimage\"},\"thumbnailUrl\":\"https:\\\/\\\/comport.es\\\/wp-content\\\/uploads\\\/2018\\\/03\\\/brasil.jpg\",\"datePublished\":\"2018-03-12T09:16:12+00:00\",\"dateModified\":\"2018-04-18T09:16:28+00:00\",\"breadcrumb\":{\"@id\":\"https:\\\/\\\/comport.es\\\/index.php\\\/noticias\\\/el-puerto-de-algeciras-vuelve-a-brasil\\\/#breadcrumb\"},\"inLanguage\":\"es\",\"potentialAction\":[{\"@type\":\"ReadAction\",\"target\":[\"https:\\\/\\\/comport.es\\\/index.php\\\/noticias\\\/el-puerto-de-algeciras-vuelve-a-brasil\\\/\"]}]},{\"@type\":\"ImageObject\",\"inLanguage\":\"es\",\"@id\":\"https:\\\/\\\/comport.es\\\/index.php\\\/noticias\\\/el-puerto-de-algeciras-vuelve-a-brasil\\\/#primaryimage\",\"url\":\"https:\\\/\\\/comport.es\\\/wp-content\\\/uploads\\\/2018\\\/03\\\/brasil.jpg\",\"contentUrl\":\"https:\\\/\\\/comport.es\\\/wp-content\\\/uploads\\\/2018\\\/03\\\/brasil.jpg\",\"width\":1300,\"height\":722},{\"@type\":\"BreadcrumbList\",\"@id\":\"https:\\\/\\\/comport.es\\\/index.php\\\/noticias\\\/el-puerto-de-algeciras-vuelve-a-brasil\\\/#breadcrumb\",\"itemListElement\":[{\"@type\":\"ListItem\",\"position\":1,\"name\":\"Portada\",\"item\":\"https:\\\/\\\/comport.es\\\/\"},{\"@type\":\"ListItem\",\"position\":2,\"name\":\"El Puerto de Algeciras vuelve a Brasil\"}]},{\"@type\":\"WebSite\",\"@id\":\"https:\\\/\\\/comport.es\\\/#website\",\"url\":\"https:\\\/\\\/comport.es\\\/\",\"name\":\"COMPORT\",\"description\":\"Port Community of Algeciras Bay\",\"publisher\":{\"@id\":\"https:\\\/\\\/comport.es\\\/#organization\"},\"potentialAction\":[{\"@type\":\"SearchAction\",\"target\":{\"@type\":\"EntryPoint\",\"urlTemplate\":\"https:\\\/\\\/comport.es\\\/?s={search_term_string}\"},\"query-input\":{\"@type\":\"PropertyValueSpecification\",\"valueRequired\":true,\"valueName\":\"search_term_string\"}}],\"inLanguage\":\"es\"},{\"@type\":\"Organization\",\"@id\":\"https:\\\/\\\/comport.es\\\/#organization\",\"name\":\"ALGECIRAS PORT COMMUNITY - COMPORT\",\"url\":\"https:\\\/\\\/comport.es\\\/\",\"logo\":{\"@type\":\"ImageObject\",\"inLanguage\":\"es\",\"@id\":\"https:\\\/\\\/comport.es\\\/#\\\/schema\\\/logo\\\/image\\\/\",\"url\":\"https:\\\/\\\/comport.es\\\/wp-content\\\/uploads\\\/2020\\\/10\\\/logo_comport_20m.png\",\"contentUrl\":\"https:\\\/\\\/comport.es\\\/wp-content\\\/uploads\\\/2020\\\/10\\\/logo_comport_20m.png\",\"width\":600,\"height\":170,\"caption\":\"ALGECIRAS PORT COMMUNITY - COMPORT\"},\"image\":{\"@id\":\"https:\\\/\\\/comport.es\\\/#\\\/schema\\\/logo\\\/image\\\/\"}},{\"@type\":\"Person\",\"@id\":\"https:\\\/\\\/comport.es\\\/#\\\/schema\\\/person\\\/9277649f8e04dd48c3d73bbaf2c7bebc\",\"name\":\"admincomport\"}]}<\/script>\n<!-- \/ Yoast SEO plugin. -->","yoast_head_json":{"title":"El Puerto de Algeciras vuelve a Brasil | COMPORT","robots":{"index":"noindex","follow":"follow"},"og_locale":"es_ES","og_type":"article","og_title":"El Puerto de Algeciras vuelve a Brasil | COMPORT","og_description":"La mayor cita log\u00edstica en la otra orilla del Atl\u00e1ntico La d\u00e1rsena del Estrecho participa en Sao Paulo en la Feria Intermodal South America La Autoridad Portuaria de la Bah\u00eda de Algeciras (APBA) regresa esta semana a Brasil para participar un a\u00f1o m\u00e1s en la [&hellip;]","og_url":"https:\/\/comport.es\/index.php\/noticias\/el-puerto-de-algeciras-vuelve-a-brasil\/","og_site_name":"COMPORT","article_published_time":"2018-03-12T09:16:12+00:00","article_modified_time":"2018-04-18T09:16:28+00:00","og_image":[{"width":1300,"height":722,"url":"https:\/\/comport.es\/wp-content\/uploads\/2018\/03\/brasil.jpg","type":"image\/jpeg"}],"author":"admincomport","twitter_card":"summary_large_image","twitter_misc":{"Escrito por":"admincomport","Tiempo de lectura":"1 minuto"},"schema":{"@context":"https:\/\/schema.org","@graph":[{"@type":"Article","@id":"https:\/\/comport.es\/index.php\/noticias\/el-puerto-de-algeciras-vuelve-a-brasil\/#article","isPartOf":{"@id":"https:\/\/comport.es\/index.php\/noticias\/el-puerto-de-algeciras-vuelve-a-brasil\/"},"author":{"name":"admincomport","@id":"https:\/\/comport.es\/#\/schema\/person\/9277649f8e04dd48c3d73bbaf2c7bebc"},"headline":"El Puerto de Algeciras vuelve a Brasil","datePublished":"2018-03-12T09:16:12+00:00","dateModified":"2018-04-18T09:16:28+00:00","mainEntityOfPage":{"@id":"https:\/\/comport.es\/index.php\/noticias\/el-puerto-de-algeciras-vuelve-a-brasil\/"},"wordCount":221,"commentCount":0,"publisher":{"@id":"https:\/\/comport.es\/#organization"},"image":{"@id":"https:\/\/comport.es\/index.php\/noticias\/el-puerto-de-algeciras-vuelve-a-brasil\/#primaryimage"},"thumbnailUrl":"https:\/\/comport.es\/wp-content\/uploads\/2018\/03\/brasil.jpg","articleSection":["Noticias"],"inLanguage":"es","potentialAction":[{"@type":"CommentAction","name":"Comment","target":["https:\/\/comport.es\/index.php\/noticias\/el-puerto-de-algeciras-vuelve-a-brasil\/#respond"]}]},{"@type":"WebPage","@id":"https:\/\/comport.es\/index.php\/noticias\/el-puerto-de-algeciras-vuelve-a-brasil\/","url":"https:\/\/comport.es\/index.php\/noticias\/el-puerto-de-algeciras-vuelve-a-brasil\/","name":"El Puerto de Algeciras vuelve a Brasil | COMPORT","isPartOf":{"@id":"https:\/\/comport.es\/#website"},"primaryImageOfPage":{"@id":"https:\/\/comport.es\/index.php\/noticias\/el-puerto-de-algeciras-vuelve-a-brasil\/#primaryimage"},"image":{"@id":"https:\/\/comport.es\/index.php\/noticias\/el-puerto-de-algeciras-vuelve-a-brasil\/#primaryimage"},"thumbnailUrl":"https:\/\/comport.es\/wp-content\/uploads\/2018\/03\/brasil.jpg","datePublished":"2018-03-12T09:16:12+00:00","dateModified":"2018-04-18T09:16:28+00:00","breadcrumb":{"@id":"https:\/\/comport.es\/index.php\/noticias\/el-puerto-de-algeciras-vuelve-a-brasil\/#breadcrumb"},"inLanguage":"es","potentialAction":[{"@type":"ReadAction","target":["https:\/\/comport.es\/index.php\/noticias\/el-puerto-de-algeciras-vuelve-a-brasil\/"]}]},{"@type":"ImageObject","inLanguage":"es","@id":"https:\/\/comport.es\/index.php\/noticias\/el-puerto-de-algeciras-vuelve-a-brasil\/#primaryimage","url":"https:\/\/comport.es\/wp-content\/uploads\/2018\/03\/brasil.jpg","contentUrl":"https:\/\/comport.es\/wp-content\/uploads\/2018\/03\/brasil.jpg","width":1300,"height":722},{"@type":"BreadcrumbList","@id":"https:\/\/comport.es\/index.php\/noticias\/el-puerto-de-algeciras-vuelve-a-brasil\/#breadcrumb","itemListElement":[{"@type":"ListItem","position":1,"name":"Portada","item":"https:\/\/comport.es\/"},{"@type":"ListItem","position":2,"name":"El Puerto de Algeciras vuelve a Brasil"}]},{"@type":"WebSite","@id":"https:\/\/comport.es\/#website","url":"https:\/\/comport.es\/","name":"COMPORT","description":"Port Community of Algeciras Bay","publisher":{"@id":"https:\/\/comport.es\/#organization"},"potentialAction":[{"@type":"SearchAction","target":{"@type":"EntryPoint","urlTemplate":"https:\/\/comport.es\/?s={search_term_string}"},"query-input":{"@type":"PropertyValueSpecification","valueRequired":true,"valueName":"search_term_string"}}],"inLanguage":"es"},{"@type":"Organization","@id":"https:\/\/comport.es\/#organization","name":"ALGECIRAS PORT COMMUNITY - COMPORT","url":"https:\/\/comport.es\/","logo":{"@type":"ImageObject","inLanguage":"es","@id":"https:\/\/comport.es\/#\/schema\/logo\/image\/","url":"https:\/\/comport.es\/wp-content\/uploads\/2020\/10\/logo_comport_20m.png","contentUrl":"https:\/\/comport.es\/wp-content\/uploads\/2020\/10\/logo_comport_20m.png","width":600,"height":170,"caption":"ALGECIRAS PORT COMMUNITY - COMPORT"},"image":{"@id":"https:\/\/comport.es\/#\/schema\/logo\/image\/"}},{"@type":"Person","@id":"https:\/\/comport.es\/#\/schema\/person\/9277649f8e04dd48c3d73bbaf2c7bebc","name":"admincomport"}]}},"_links":{"self":[{"href":"https:\/\/comport.es\/index.php\/wp-json\/wp\/v2\/posts\/5632","targetHints":{"allow":["GET"]}}],"collection":[{"href":"https:\/\/comport.es\/index.php\/wp-json\/wp\/v2\/posts"}],"about":[{"href":"https:\/\/comport.es\/index.php\/wp-json\/wp\/v2\/types\/post"}],"author":[{"embeddable":true,"href":"https:\/\/comport.es\/index.php\/wp-json\/wp\/v2\/users\/1"}],"replies":[{"embeddable":true,"href":"https:\/\/comport.es\/index.php\/wp-json\/wp\/v2\/comments?post=5632"}],"version-history":[{"count":1,"href":"https:\/\/comport.es\/index.php\/wp-json\/wp\/v2\/posts\/5632\/revisions"}],"predecessor-version":[{"id":5633,"href":"https:\/\/comport.es\/index.php\/wp-json\/wp\/v2\/posts\/5632\/revisions\/5633"}],"wp:featuredmedia":[{"embeddable":true,"href":"https:\/\/comport.es\/index.php\/wp-json\/wp\/v2\/media\/5629"}],"wp:attachment":[{"href":"https:\/\/comport.es\/index.php\/wp-json\/wp\/v2\/media?parent=5632"}],"wp:term":[{"taxonomy":"category","embeddable":true,"href":"https:\/\/comport.es\/index.php\/wp-json\/wp\/v2\/categories?post=5632"},{"taxonomy":"post_tag","embeddable":true,"href":"https:\/\/comport.es\/index.php\/wp-json\/wp\/v2\/tags?post=5632"}],"curies":[{"name":"wp","href":"https:\/\/api.w.org\/{rel}","templated":true}]}}