{"id":5624,"date":"2018-03-06T08:59:51","date_gmt":"2018-03-06T08:59:51","guid":{"rendered":"http:\/.es\/?p=5624"},"modified":"2018-04-18T09:14:26","modified_gmt":"2018-04-18T09:14:26","slug":"un-gigante-de-los-mares-en-el-puerto-de-algeciras","status":"publish","type":"post","link":"https:\/\/comport.es\/index.php\/noticias\/un-gigante-de-los-mares-en-el-puerto-de-algeciras\/","title":{"rendered":"Un gigante de los mares en el puerto de Algeciras"},"content":{"rendered":"<p><strong>El portacontenedores realizar\u00e1 2.500 movimientos de carga y descarga en nuestro puerto<\/strong><\/p>\n<p>El portacontenedores Antoine Saint Exupery, de la compa\u00f1\u00eda francesa CMA-CGMpartir\u00e1 esta tarde, de la terminal de contenedores de TTI en el puerto de Algeciras, tras su escala inaugural.<\/p>\n<p>Un viaje de uno de los portacontenedores con mayor capacidad del mundo, que tendr\u00e1 una duraci\u00f3n de 84 d\u00edas, escalando en 16 puertos.<br \/>\nEste barco, que puede cargar hasta 20.600 TEUs (unidades de 20 pies) es el de mayor capacidad que jam\u00e1s haya atracado en un puerto de Espa\u00f1a y seg\u00fan, Carmen Guill\u00e9n, directora general de CMA-CGM Ib\u00e9rica, se ha debido a la apuesta de la naviera francesa por el puerto de Algeciras. Una apuesta fruto de su competitividad y profesionalidad.<\/p>\n<p>El buque cuenta cuenta con unas dimensiones excepcionales:<\/p>\n<p>\u2022 400 metros de largo y 59 metros de ancho.<br \/>\n\u2022 M\u00e1s largo que 4 estadios de f\u00fatbol y m\u00e1s grande que el Empire State Building y la Torre Eiffel.<br \/>\n\u2022 20.600 TEUs capacidad o 123 Kil\u00f3metros de contenedores.<\/p>\n<p>El buque proporciona al grupo CMA CGM una nueva imagen corporativa, que refleja su dinamismo, tecnol\u00f3gicamente avanzado para la protecci\u00f3n del medio ambiente.<\/p>\n<p>El presidente de la Autoridad Portuaria de la Bah\u00eda de Algeciras, Manuel Mor\u00f3n, se ha pronunciado en la misma l\u00ednea, afirmando que a las buenas infraestructuras que posee este puerto se suma la profesionalidad de las empresas que componen la Comunidad Portuaria.<\/p>\n<p>Carmen Guill\u00e9n, ha explicado la apuesta firme de la empresa por el puerto de Algeciras hace ahora tres a\u00f1os, y que ni ellos mismo esperaban \u00abla respuesta y el \u00e9xito obtenido en el puerto algecire\u00f1o, que se ha convertido en un Hub de transbordo important\u00edsimo que nos permite conectar varios continentes ( \u00c1frica, Am\u00e9rica, Asia) por lo que Algeciras es un puerto estrat\u00e9gico para la compa\u00f1\u00eda y un punto estrat\u00e9gico de la log\u00edstica a nivel mundial\u00bb.<\/p>\n<p>El buque de CMA-CGM partir\u00e1 tras realizar en el puerto de Algeciras un total de 2.500 movimientos de carga y descarga de contenedores.<\/p>\n<p><strong>FUENTE<\/strong>: RADIO ALGECIRAS<br \/>\n<strong>FOTO<\/strong>: <a href=\"http:\/\/www.puentedemando.com\">www.puentedemando.com<\/a><\/p>\n","protected":false},"excerpt":{"rendered":"<p>El portacontenedores realizar\u00e1 2.500 movimientos de carga y descarga en nuestro puerto El portacontenedores Antoine Saint Exupery, de la compa\u00f1\u00eda francesa CMA-CGMpartir\u00e1 esta tarde, de la terminal de contenedores de TTI en el puerto de Algeciras, tras su escala inaugural. Un viaje de uno de [&hellip;]<\/p>\n","protected":false},"author":1,"featured_media":5631,"comment_status":"open","ping_status":"open","sticky":false,"template":"","format":"standard","meta":{"footnotes":""},"categories":[921],"tags":[],"class_list":["post-5624","post","type-post","status-publish","format-standard","has-post-thumbnail","hentry","category-noticias"],"yoast_head":"<!-- This site is optimized with the Yoast SEO plugin v27.4 - https:\/\/yoast.com\/product\/yoast-seo-wordpress\/ -->\n<title>Un gigante de los mares en el puerto de Algeciras | COMPORT<\/title>\n<meta name=\"robots\" content=\"noindex, follow\" \/>\n<meta property=\"og:locale\" content=\"es_ES\" \/>\n<meta property=\"og:type\" content=\"article\" \/>\n<meta property=\"og:title\" content=\"Un gigante de los mares en el puerto de Algeciras | COMPORT\" \/>\n<meta property=\"og:description\" content=\"El portacontenedores realizar\u00e1 2.500 movimientos de carga y descarga en nuestro puerto El portacontenedores Antoine Saint Exupery, de la compa\u00f1\u00eda francesa CMA-CGMpartir\u00e1 esta tarde, de la terminal de contenedores de TTI en el puerto de Algeciras, tras su escala inaugural. Un viaje de uno de [&hellip;]\" \/>\n<meta property=\"og:url\" content=\"https:\/\/comport.es\/index.php\/noticias\/un-gigante-de-los-mares-en-el-puerto-de-algeciras\/\" \/>\n<meta property=\"og:site_name\" content=\"COMPORT\" \/>\n<meta property=\"article:published_time\" content=\"2018-03-06T08:59:51+00:00\" \/>\n<meta property=\"article:modified_time\" content=\"2018-04-18T09:14:26+00:00\" \/>\n<meta property=\"og:image\" content=\"https:\/\/comport.es\/wp-content\/uploads\/2018\/03\/antoine.jpg\" \/>\n\t<meta property=\"og:image:width\" content=\"1300\" \/>\n\t<meta property=\"og:image:height\" content=\"722\" \/>\n\t<meta property=\"og:image:type\" content=\"image\/jpeg\" \/>\n<meta name=\"author\" content=\"admincomport\" \/>\n<meta name=\"twitter:card\" content=\"summary_large_image\" \/>\n<meta name=\"twitter:label1\" content=\"Escrito por\" \/>\n\t<meta name=\"twitter:data1\" content=\"admincomport\" \/>\n\t<meta name=\"twitter:label2\" content=\"Tiempo de lectura\" \/>\n\t<meta name=\"twitter:data2\" content=\"2 minutos\" \/>\n<script type=\"application\/ld+json\" class=\"yoast-schema-graph\">{\"@context\":\"https:\\\/\\\/schema.org\",\"@graph\":[{\"@type\":\"Article\",\"@id\":\"https:\\\/\\\/comport.es\\\/index.php\\\/noticias\\\/un-gigante-de-los-mares-en-el-puerto-de-algeciras\\\/#article\",\"isPartOf\":{\"@id\":\"https:\\\/\\\/comport.es\\\/index.php\\\/noticias\\\/un-gigante-de-los-mares-en-el-puerto-de-algeciras\\\/\"},\"author\":{\"name\":\"admincomport\",\"@id\":\"https:\\\/\\\/comport.es\\\/#\\\/schema\\\/person\\\/9277649f8e04dd48c3d73bbaf2c7bebc\"},\"headline\":\"Un gigante de los mares en el puerto de Algeciras\",\"datePublished\":\"2018-03-06T08:59:51+00:00\",\"dateModified\":\"2018-04-18T09:14:26+00:00\",\"mainEntityOfPage\":{\"@id\":\"https:\\\/\\\/comport.es\\\/index.php\\\/noticias\\\/un-gigante-de-los-mares-en-el-puerto-de-algeciras\\\/\"},\"wordCount\":360,\"commentCount\":0,\"publisher\":{\"@id\":\"https:\\\/\\\/comport.es\\\/#organization\"},\"image\":{\"@id\":\"https:\\\/\\\/comport.es\\\/index.php\\\/noticias\\\/un-gigante-de-los-mares-en-el-puerto-de-algeciras\\\/#primaryimage\"},\"thumbnailUrl\":\"https:\\\/\\\/comport.es\\\/wp-content\\\/uploads\\\/2018\\\/03\\\/antoine.jpg\",\"articleSection\":[\"Noticias\"],\"inLanguage\":\"es\",\"potentialAction\":[{\"@type\":\"CommentAction\",\"name\":\"Comment\",\"target\":[\"https:\\\/\\\/comport.es\\\/index.php\\\/noticias\\\/un-gigante-de-los-mares-en-el-puerto-de-algeciras\\\/#respond\"]}]},{\"@type\":\"WebPage\",\"@id\":\"https:\\\/\\\/comport.es\\\/index.php\\\/noticias\\\/un-gigante-de-los-mares-en-el-puerto-de-algeciras\\\/\",\"url\":\"https:\\\/\\\/comport.es\\\/index.php\\\/noticias\\\/un-gigante-de-los-mares-en-el-puerto-de-algeciras\\\/\",\"name\":\"Un gigante de los mares en el puerto de Algeciras | COMPORT\",\"isPartOf\":{\"@id\":\"https:\\\/\\\/comport.es\\\/#website\"},\"primaryImageOfPage\":{\"@id\":\"https:\\\/\\\/comport.es\\\/index.php\\\/noticias\\\/un-gigante-de-los-mares-en-el-puerto-de-algeciras\\\/#primaryimage\"},\"image\":{\"@id\":\"https:\\\/\\\/comport.es\\\/index.php\\\/noticias\\\/un-gigante-de-los-mares-en-el-puerto-de-algeciras\\\/#primaryimage\"},\"thumbnailUrl\":\"https:\\\/\\\/comport.es\\\/wp-content\\\/uploads\\\/2018\\\/03\\\/antoine.jpg\",\"datePublished\":\"2018-03-06T08:59:51+00:00\",\"dateModified\":\"2018-04-18T09:14:26+00:00\",\"breadcrumb\":{\"@id\":\"https:\\\/\\\/comport.es\\\/index.php\\\/noticias\\\/un-gigante-de-los-mares-en-el-puerto-de-algeciras\\\/#breadcrumb\"},\"inLanguage\":\"es\",\"potentialAction\":[{\"@type\":\"ReadAction\",\"target\":[\"https:\\\/\\\/comport.es\\\/index.php\\\/noticias\\\/un-gigante-de-los-mares-en-el-puerto-de-algeciras\\\/\"]}]},{\"@type\":\"ImageObject\",\"inLanguage\":\"es\",\"@id\":\"https:\\\/\\\/comport.es\\\/index.php\\\/noticias\\\/un-gigante-de-los-mares-en-el-puerto-de-algeciras\\\/#primaryimage\",\"url\":\"https:\\\/\\\/comport.es\\\/wp-content\\\/uploads\\\/2018\\\/03\\\/antoine.jpg\",\"contentUrl\":\"https:\\\/\\\/comport.es\\\/wp-content\\\/uploads\\\/2018\\\/03\\\/antoine.jpg\",\"width\":1300,\"height\":722},{\"@type\":\"BreadcrumbList\",\"@id\":\"https:\\\/\\\/comport.es\\\/index.php\\\/noticias\\\/un-gigante-de-los-mares-en-el-puerto-de-algeciras\\\/#breadcrumb\",\"itemListElement\":[{\"@type\":\"ListItem\",\"position\":1,\"name\":\"Portada\",\"item\":\"https:\\\/\\\/comport.es\\\/\"},{\"@type\":\"ListItem\",\"position\":2,\"name\":\"Un gigante de los mares en el puerto de Algeciras\"}]},{\"@type\":\"WebSite\",\"@id\":\"https:\\\/\\\/comport.es\\\/#website\",\"url\":\"https:\\\/\\\/comport.es\\\/\",\"name\":\"COMPORT\",\"description\":\"Port Community of Algeciras Bay\",\"publisher\":{\"@id\":\"https:\\\/\\\/comport.es\\\/#organization\"},\"potentialAction\":[{\"@type\":\"SearchAction\",\"target\":{\"@type\":\"EntryPoint\",\"urlTemplate\":\"https:\\\/\\\/comport.es\\\/?s={search_term_string}\"},\"query-input\":{\"@type\":\"PropertyValueSpecification\",\"valueRequired\":true,\"valueName\":\"search_term_string\"}}],\"inLanguage\":\"es\"},{\"@type\":\"Organization\",\"@id\":\"https:\\\/\\\/comport.es\\\/#organization\",\"name\":\"ALGECIRAS PORT COMMUNITY - COMPORT\",\"url\":\"https:\\\/\\\/comport.es\\\/\",\"logo\":{\"@type\":\"ImageObject\",\"inLanguage\":\"es\",\"@id\":\"https:\\\/\\\/comport.es\\\/#\\\/schema\\\/logo\\\/image\\\/\",\"url\":\"https:\\\/\\\/comport.es\\\/wp-content\\\/uploads\\\/2020\\\/10\\\/logo_comport_20m.png\",\"contentUrl\":\"https:\\\/\\\/comport.es\\\/wp-content\\\/uploads\\\/2020\\\/10\\\/logo_comport_20m.png\",\"width\":600,\"height\":170,\"caption\":\"ALGECIRAS PORT COMMUNITY - COMPORT\"},\"image\":{\"@id\":\"https:\\\/\\\/comport.es\\\/#\\\/schema\\\/logo\\\/image\\\/\"}},{\"@type\":\"Person\",\"@id\":\"https:\\\/\\\/comport.es\\\/#\\\/schema\\\/person\\\/9277649f8e04dd48c3d73bbaf2c7bebc\",\"name\":\"admincomport\"}]}<\/script>\n<!-- \/ Yoast SEO plugin. -->","yoast_head_json":{"title":"Un gigante de los mares en el puerto de Algeciras | COMPORT","robots":{"index":"noindex","follow":"follow"},"og_locale":"es_ES","og_type":"article","og_title":"Un gigante de los mares en el puerto de Algeciras | COMPORT","og_description":"El portacontenedores realizar\u00e1 2.500 movimientos de carga y descarga en nuestro puerto El portacontenedores Antoine Saint Exupery, de la compa\u00f1\u00eda francesa CMA-CGMpartir\u00e1 esta tarde, de la terminal de contenedores de TTI en el puerto de Algeciras, tras su escala inaugural. Un viaje de uno de [&hellip;]","og_url":"https:\/\/comport.es\/index.php\/noticias\/un-gigante-de-los-mares-en-el-puerto-de-algeciras\/","og_site_name":"COMPORT","article_published_time":"2018-03-06T08:59:51+00:00","article_modified_time":"2018-04-18T09:14:26+00:00","og_image":[{"width":1300,"height":722,"url":"https:\/\/comport.es\/wp-content\/uploads\/2018\/03\/antoine.jpg","type":"image\/jpeg"}],"author":"admincomport","twitter_card":"summary_large_image","twitter_misc":{"Escrito por":"admincomport","Tiempo de lectura":"2 minutos"},"schema":{"@context":"https:\/\/schema.org","@graph":[{"@type":"Article","@id":"https:\/\/comport.es\/index.php\/noticias\/un-gigante-de-los-mares-en-el-puerto-de-algeciras\/#article","isPartOf":{"@id":"https:\/\/comport.es\/index.php\/noticias\/un-gigante-de-los-mares-en-el-puerto-de-algeciras\/"},"author":{"name":"admincomport","@id":"https:\/\/comport.es\/#\/schema\/person\/9277649f8e04dd48c3d73bbaf2c7bebc"},"headline":"Un gigante de los mares en el puerto de Algeciras","datePublished":"2018-03-06T08:59:51+00:00","dateModified":"2018-04-18T09:14:26+00:00","mainEntityOfPage":{"@id":"https:\/\/comport.es\/index.php\/noticias\/un-gigante-de-los-mares-en-el-puerto-de-algeciras\/"},"wordCount":360,"commentCount":0,"publisher":{"@id":"https:\/\/comport.es\/#organization"},"image":{"@id":"https:\/\/comport.es\/index.php\/noticias\/un-gigante-de-los-mares-en-el-puerto-de-algeciras\/#primaryimage"},"thumbnailUrl":"https:\/\/comport.es\/wp-content\/uploads\/2018\/03\/antoine.jpg","articleSection":["Noticias"],"inLanguage":"es","potentialAction":[{"@type":"CommentAction","name":"Comment","target":["https:\/\/comport.es\/index.php\/noticias\/un-gigante-de-los-mares-en-el-puerto-de-algeciras\/#respond"]}]},{"@type":"WebPage","@id":"https:\/\/comport.es\/index.php\/noticias\/un-gigante-de-los-mares-en-el-puerto-de-algeciras\/","url":"https:\/\/comport.es\/index.php\/noticias\/un-gigante-de-los-mares-en-el-puerto-de-algeciras\/","name":"Un gigante de los mares en el puerto de Algeciras | COMPORT","isPartOf":{"@id":"https:\/\/comport.es\/#website"},"primaryImageOfPage":{"@id":"https:\/\/comport.es\/index.php\/noticias\/un-gigante-de-los-mares-en-el-puerto-de-algeciras\/#primaryimage"},"image":{"@id":"https:\/\/comport.es\/index.php\/noticias\/un-gigante-de-los-mares-en-el-puerto-de-algeciras\/#primaryimage"},"thumbnailUrl":"https:\/\/comport.es\/wp-content\/uploads\/2018\/03\/antoine.jpg","datePublished":"2018-03-06T08:59:51+00:00","dateModified":"2018-04-18T09:14:26+00:00","breadcrumb":{"@id":"https:\/\/comport.es\/index.php\/noticias\/un-gigante-de-los-mares-en-el-puerto-de-algeciras\/#breadcrumb"},"inLanguage":"es","potentialAction":[{"@type":"ReadAction","target":["https:\/\/comport.es\/index.php\/noticias\/un-gigante-de-los-mares-en-el-puerto-de-algeciras\/"]}]},{"@type":"ImageObject","inLanguage":"es","@id":"https:\/\/comport.es\/index.php\/noticias\/un-gigante-de-los-mares-en-el-puerto-de-algeciras\/#primaryimage","url":"https:\/\/comport.es\/wp-content\/uploads\/2018\/03\/antoine.jpg","contentUrl":"https:\/\/comport.es\/wp-content\/uploads\/2018\/03\/antoine.jpg","width":1300,"height":722},{"@type":"BreadcrumbList","@id":"https:\/\/comport.es\/index.php\/noticias\/un-gigante-de-los-mares-en-el-puerto-de-algeciras\/#breadcrumb","itemListElement":[{"@type":"ListItem","position":1,"name":"Portada","item":"https:\/\/comport.es\/"},{"@type":"ListItem","position":2,"name":"Un gigante de los mares en el puerto de Algeciras"}]},{"@type":"WebSite","@id":"https:\/\/comport.es\/#website","url":"https:\/\/comport.es\/","name":"COMPORT","description":"Port Community of Algeciras Bay","publisher":{"@id":"https:\/\/comport.es\/#organization"},"potentialAction":[{"@type":"SearchAction","target":{"@type":"EntryPoint","urlTemplate":"https:\/\/comport.es\/?s={search_term_string}"},"query-input":{"@type":"PropertyValueSpecification","valueRequired":true,"valueName":"search_term_string"}}],"inLanguage":"es"},{"@type":"Organization","@id":"https:\/\/comport.es\/#organization","name":"ALGECIRAS PORT COMMUNITY - COMPORT","url":"https:\/\/comport.es\/","logo":{"@type":"ImageObject","inLanguage":"es","@id":"https:\/\/comport.es\/#\/schema\/logo\/image\/","url":"https:\/\/comport.es\/wp-content\/uploads\/2020\/10\/logo_comport_20m.png","contentUrl":"https:\/\/comport.es\/wp-content\/uploads\/2020\/10\/logo_comport_20m.png","width":600,"height":170,"caption":"ALGECIRAS PORT COMMUNITY - COMPORT"},"image":{"@id":"https:\/\/comport.es\/#\/schema\/logo\/image\/"}},{"@type":"Person","@id":"https:\/\/comport.es\/#\/schema\/person\/9277649f8e04dd48c3d73bbaf2c7bebc","name":"admincomport"}]}},"_links":{"self":[{"href":"https:\/\/comport.es\/index.php\/wp-json\/wp\/v2\/posts\/5624","targetHints":{"allow":["GET"]}}],"collection":[{"href":"https:\/\/comport.es\/index.php\/wp-json\/wp\/v2\/posts"}],"about":[{"href":"https:\/\/comport.es\/index.php\/wp-json\/wp\/v2\/types\/post"}],"author":[{"embeddable":true,"href":"https:\/\/comport.es\/index.php\/wp-json\/wp\/v2\/users\/1"}],"replies":[{"embeddable":true,"href":"https:\/\/comport.es\/index.php\/wp-json\/wp\/v2\/comments?post=5624"}],"version-history":[{"count":1,"href":"https:\/\/comport.es\/index.php\/wp-json\/wp\/v2\/posts\/5624\/revisions"}],"predecessor-version":[{"id":5625,"href":"https:\/\/comport.es\/index.php\/wp-json\/wp\/v2\/posts\/5624\/revisions\/5625"}],"wp:featuredmedia":[{"embeddable":true,"href":"https:\/\/comport.es\/index.php\/wp-json\/wp\/v2\/media\/5631"}],"wp:attachment":[{"href":"https:\/\/comport.es\/index.php\/wp-json\/wp\/v2\/media?parent=5624"}],"wp:term":[{"taxonomy":"category","embeddable":true,"href":"https:\/\/comport.es\/index.php\/wp-json\/wp\/v2\/categories?post=5624"},{"taxonomy":"post_tag","embeddable":true,"href":"https:\/\/comport.es\/index.php\/wp-json\/wp\/v2\/tags?post=5624"}],"curies":[{"name":"wp","href":"https:\/\/api.w.org\/{rel}","templated":true}]}}