{"id":4002,"date":"2016-11-11T10:52:39","date_gmt":"2016-11-11T10:52:39","guid":{"rendered":"http:\/.es\/?p=4002"},"modified":"2021-06-14T08:16:28","modified_gmt":"2021-06-14T08:16:28","slug":"perez-munoz-la-linea-s-a","status":"publish","type":"post","link":"https:\/\/comport.es\/index.php\/transitarios\/perez-munoz-la-linea-s-a\/","title":{"rendered":"P\u00c9REZ MU\u00d1OZ LA L\u00cdNEA, S.A."},"content":{"rendered":"<p style=\"text-align: justify;\">En el a\u00f1o 1996 fue fundada la empresa Perez Mu\u00f1oz La Linea, en el seno del grupo Perez Mu\u00f1oz con una amplia y fuerte tradici\u00f3n en el transporte mar\u00edtimo, aduanero y log\u00edstico. El fundador y actual gerente de la empresa lleva trabajando en sector de la log\u00edstica m\u00e1s de 40 a\u00f1os.<\/p>\n<p style=\"text-align: justify;\">Asimismo, siempre con prop\u00f3sito de ofrecerles el servicio mas competitivo posible, hemos establecido diferentes relaciones comerciales con otras compa\u00f1\u00edas de transporte y log\u00edstica con el objeto de garantizar que su mercanc\u00eda llegara en tiempo y forma a destino.<\/p>\n<p>&nbsp;<\/p>\n<h3><strong>Datos de contacto<\/strong><\/h3>\n<p style=\"text-align: justify;\"><span style=\"color: #000000;\"><strong>DOMICILIO: <\/strong>C.S.T. Naves D11 &#8211; E1 ZAL Area de El Fresno-11370 Los Barrios. <\/span><\/p>\n<p style=\"text-align: justify;\"><span style=\"color: #000000;\"><strong>TEL: +<\/strong>34 956 690 024<\/span><\/p>\n<p style=\"text-align: justify;\"><span style=\"color: #000000;\"><strong>EMAIL:\u00a0<\/strong> <a href=\"mailto:jdelatorre@perezmu.com\">jdelatorre@perezmu.com<\/a><\/span><\/p>\n<p style=\"text-align: justify;\"><span style=\"color: #000000;\"><strong>WEB: <\/strong><\/span><a href=\"http:\/\/www.grupoperezmunoz.com\" target=\"_blank\" rel=\"noopener\">www.grupoperezmunoz.com<\/a><\/p>\n<hr \/>\n<p><iframe loading=\"lazy\" style=\"border: 0;\" src=\"https:\/\/www.google.com\/maps\/embed?pb=!1m14!1m8!1m3!1d1106.520170113159!2d-5.348303986317456!3d36.15635262423634!3m2!1i1024!2i768!4f13.1!3m3!1m2!1s0x0%3A0x3acbfb4c854d3206!2sPerez+Mu%C3%B1oz.+La+Linea!5e0!3m2!1ses!2ses!4v1478861636790\" width=\"100%\" height=\"350\" frameborder=\"0\" allowfullscreen=\"allowfullscreen\"><\/iframe><\/p>\n","protected":false},"excerpt":{"rendered":"<p>En el a\u00f1o 1996 fue fundada la empresa Perez Mu\u00f1oz La Linea, en el seno del grupo Perez Mu\u00f1oz con una amplia y fuerte tradici\u00f3n en el transporte mar\u00edtimo, aduanero y log\u00edstico. El fundador y actual gerente de la empresa lleva trabajando en sector de [&hellip;]<\/p>\n","protected":false},"author":1,"featured_media":4769,"comment_status":"open","ping_status":"open","sticky":false,"template":"","format":"standard","meta":{"footnotes":""},"categories":[918,907,917],"tags":[],"class_list":["post-4002","post","type-post","status-publish","format-standard","has-post-thumbnail","hentry","category-almacenes","category-transitarios","category-transportes"],"yoast_head":"<!-- This site is optimized with the Yoast SEO plugin v27.4 - https:\/\/yoast.com\/product\/yoast-seo-wordpress\/ -->\n<title>P\u00c9REZ MU\u00d1OZ LA L\u00cdNEA, S.A. | COMPORT<\/title>\n<meta name=\"robots\" content=\"noindex, follow\" \/>\n<meta property=\"og:locale\" content=\"es_ES\" \/>\n<meta property=\"og:type\" content=\"article\" \/>\n<meta property=\"og:title\" content=\"P\u00c9REZ MU\u00d1OZ LA L\u00cdNEA, S.A. | COMPORT\" \/>\n<meta property=\"og:description\" content=\"En el a\u00f1o 1996 fue fundada la empresa Perez Mu\u00f1oz La Linea, en el seno del grupo Perez Mu\u00f1oz con una amplia y fuerte tradici\u00f3n en el transporte mar\u00edtimo, aduanero y log\u00edstico. El fundador y actual gerente de la empresa lleva trabajando en sector de [&hellip;]\" \/>\n<meta property=\"og:url\" content=\"https:\/\/comport.es\/index.php\/transitarios\/perez-munoz-la-linea-s-a\/\" \/>\n<meta property=\"og:site_name\" content=\"COMPORT\" \/>\n<meta property=\"article:published_time\" content=\"2016-11-11T10:52:39+00:00\" \/>\n<meta property=\"article:modified_time\" content=\"2021-06-14T08:16:28+00:00\" \/>\n<meta property=\"og:image\" content=\"https:\/\/comport.es\/wp-content\/uploads\/2016\/11\/perez-munoz-1.png\" \/>\n\t<meta property=\"og:image:width\" content=\"1300\" \/>\n\t<meta property=\"og:image:height\" content=\"722\" \/>\n\t<meta property=\"og:image:type\" content=\"image\/png\" \/>\n<meta name=\"author\" content=\"admincomport\" \/>\n<meta name=\"twitter:card\" content=\"summary_large_image\" \/>\n<meta name=\"twitter:label1\" content=\"Escrito por\" \/>\n\t<meta name=\"twitter:data1\" content=\"admincomport\" \/>\n\t<meta name=\"twitter:label2\" content=\"Tiempo de lectura\" \/>\n\t<meta name=\"twitter:data2\" content=\"1 minuto\" \/>\n<script type=\"application\/ld+json\" class=\"yoast-schema-graph\">{\"@context\":\"https:\\\/\\\/schema.org\",\"@graph\":[{\"@type\":\"Article\",\"@id\":\"https:\\\/\\\/comport.es\\\/index.php\\\/transitarios\\\/perez-munoz-la-linea-s-a\\\/#article\",\"isPartOf\":{\"@id\":\"https:\\\/\\\/comport.es\\\/index.php\\\/transitarios\\\/perez-munoz-la-linea-s-a\\\/\"},\"author\":{\"name\":\"admincomport\",\"@id\":\"https:\\\/\\\/comport.es\\\/#\\\/schema\\\/person\\\/9277649f8e04dd48c3d73bbaf2c7bebc\"},\"headline\":\"P\u00c9REZ MU\u00d1OZ LA L\u00cdNEA, S.A.\",\"datePublished\":\"2016-11-11T10:52:39+00:00\",\"dateModified\":\"2021-06-14T08:16:28+00:00\",\"mainEntityOfPage\":{\"@id\":\"https:\\\/\\\/comport.es\\\/index.php\\\/transitarios\\\/perez-munoz-la-linea-s-a\\\/\"},\"wordCount\":137,\"commentCount\":0,\"publisher\":{\"@id\":\"https:\\\/\\\/comport.es\\\/#organization\"},\"image\":{\"@id\":\"https:\\\/\\\/comport.es\\\/index.php\\\/transitarios\\\/perez-munoz-la-linea-s-a\\\/#primaryimage\"},\"thumbnailUrl\":\"https:\\\/\\\/comport.es\\\/wp-content\\\/uploads\\\/2016\\\/11\\\/perez-munoz-1.png\",\"articleSection\":[\"ALMACENES\",\"TRANSITARIOS Y REPRESENTANTES ADUANEROS\",\"TRANSPORTES\"],\"inLanguage\":\"es\",\"potentialAction\":[{\"@type\":\"CommentAction\",\"name\":\"Comment\",\"target\":[\"https:\\\/\\\/comport.es\\\/index.php\\\/transitarios\\\/perez-munoz-la-linea-s-a\\\/#respond\"]}]},{\"@type\":\"WebPage\",\"@id\":\"https:\\\/\\\/comport.es\\\/index.php\\\/transitarios\\\/perez-munoz-la-linea-s-a\\\/\",\"url\":\"https:\\\/\\\/comport.es\\\/index.php\\\/transitarios\\\/perez-munoz-la-linea-s-a\\\/\",\"name\":\"P\u00c9REZ MU\u00d1OZ LA L\u00cdNEA, S.A. | COMPORT\",\"isPartOf\":{\"@id\":\"https:\\\/\\\/comport.es\\\/#website\"},\"primaryImageOfPage\":{\"@id\":\"https:\\\/\\\/comport.es\\\/index.php\\\/transitarios\\\/perez-munoz-la-linea-s-a\\\/#primaryimage\"},\"image\":{\"@id\":\"https:\\\/\\\/comport.es\\\/index.php\\\/transitarios\\\/perez-munoz-la-linea-s-a\\\/#primaryimage\"},\"thumbnailUrl\":\"https:\\\/\\\/comport.es\\\/wp-content\\\/uploads\\\/2016\\\/11\\\/perez-munoz-1.png\",\"datePublished\":\"2016-11-11T10:52:39+00:00\",\"dateModified\":\"2021-06-14T08:16:28+00:00\",\"breadcrumb\":{\"@id\":\"https:\\\/\\\/comport.es\\\/index.php\\\/transitarios\\\/perez-munoz-la-linea-s-a\\\/#breadcrumb\"},\"inLanguage\":\"es\",\"potentialAction\":[{\"@type\":\"ReadAction\",\"target\":[\"https:\\\/\\\/comport.es\\\/index.php\\\/transitarios\\\/perez-munoz-la-linea-s-a\\\/\"]}]},{\"@type\":\"ImageObject\",\"inLanguage\":\"es\",\"@id\":\"https:\\\/\\\/comport.es\\\/index.php\\\/transitarios\\\/perez-munoz-la-linea-s-a\\\/#primaryimage\",\"url\":\"https:\\\/\\\/comport.es\\\/wp-content\\\/uploads\\\/2016\\\/11\\\/perez-munoz-1.png\",\"contentUrl\":\"https:\\\/\\\/comport.es\\\/wp-content\\\/uploads\\\/2016\\\/11\\\/perez-munoz-1.png\",\"width\":1300,\"height\":722},{\"@type\":\"BreadcrumbList\",\"@id\":\"https:\\\/\\\/comport.es\\\/index.php\\\/transitarios\\\/perez-munoz-la-linea-s-a\\\/#breadcrumb\",\"itemListElement\":[{\"@type\":\"ListItem\",\"position\":1,\"name\":\"Portada\",\"item\":\"https:\\\/\\\/comport.es\\\/\"},{\"@type\":\"ListItem\",\"position\":2,\"name\":\"P\u00c9REZ MU\u00d1OZ LA L\u00cdNEA, S.A.\"}]},{\"@type\":\"WebSite\",\"@id\":\"https:\\\/\\\/comport.es\\\/#website\",\"url\":\"https:\\\/\\\/comport.es\\\/\",\"name\":\"COMPORT\",\"description\":\"Port Community of Algeciras Bay\",\"publisher\":{\"@id\":\"https:\\\/\\\/comport.es\\\/#organization\"},\"potentialAction\":[{\"@type\":\"SearchAction\",\"target\":{\"@type\":\"EntryPoint\",\"urlTemplate\":\"https:\\\/\\\/comport.es\\\/?s={search_term_string}\"},\"query-input\":{\"@type\":\"PropertyValueSpecification\",\"valueRequired\":true,\"valueName\":\"search_term_string\"}}],\"inLanguage\":\"es\"},{\"@type\":\"Organization\",\"@id\":\"https:\\\/\\\/comport.es\\\/#organization\",\"name\":\"ALGECIRAS PORT COMMUNITY - COMPORT\",\"url\":\"https:\\\/\\\/comport.es\\\/\",\"logo\":{\"@type\":\"ImageObject\",\"inLanguage\":\"es\",\"@id\":\"https:\\\/\\\/comport.es\\\/#\\\/schema\\\/logo\\\/image\\\/\",\"url\":\"https:\\\/\\\/comport.es\\\/wp-content\\\/uploads\\\/2020\\\/10\\\/logo_comport_20m.png\",\"contentUrl\":\"https:\\\/\\\/comport.es\\\/wp-content\\\/uploads\\\/2020\\\/10\\\/logo_comport_20m.png\",\"width\":600,\"height\":170,\"caption\":\"ALGECIRAS PORT COMMUNITY - COMPORT\"},\"image\":{\"@id\":\"https:\\\/\\\/comport.es\\\/#\\\/schema\\\/logo\\\/image\\\/\"}},{\"@type\":\"Person\",\"@id\":\"https:\\\/\\\/comport.es\\\/#\\\/schema\\\/person\\\/9277649f8e04dd48c3d73bbaf2c7bebc\",\"name\":\"admincomport\"}]}<\/script>\n<!-- \/ Yoast SEO plugin. -->","yoast_head_json":{"title":"P\u00c9REZ MU\u00d1OZ LA L\u00cdNEA, S.A. | COMPORT","robots":{"index":"noindex","follow":"follow"},"og_locale":"es_ES","og_type":"article","og_title":"P\u00c9REZ MU\u00d1OZ LA L\u00cdNEA, S.A. | COMPORT","og_description":"En el a\u00f1o 1996 fue fundada la empresa Perez Mu\u00f1oz La Linea, en el seno del grupo Perez Mu\u00f1oz con una amplia y fuerte tradici\u00f3n en el transporte mar\u00edtimo, aduanero y log\u00edstico. El fundador y actual gerente de la empresa lleva trabajando en sector de [&hellip;]","og_url":"https:\/\/comport.es\/index.php\/transitarios\/perez-munoz-la-linea-s-a\/","og_site_name":"COMPORT","article_published_time":"2016-11-11T10:52:39+00:00","article_modified_time":"2021-06-14T08:16:28+00:00","og_image":[{"width":1300,"height":722,"url":"https:\/\/comport.es\/wp-content\/uploads\/2016\/11\/perez-munoz-1.png","type":"image\/png"}],"author":"admincomport","twitter_card":"summary_large_image","twitter_misc":{"Escrito por":"admincomport","Tiempo de lectura":"1 minuto"},"schema":{"@context":"https:\/\/schema.org","@graph":[{"@type":"Article","@id":"https:\/\/comport.es\/index.php\/transitarios\/perez-munoz-la-linea-s-a\/#article","isPartOf":{"@id":"https:\/\/comport.es\/index.php\/transitarios\/perez-munoz-la-linea-s-a\/"},"author":{"name":"admincomport","@id":"https:\/\/comport.es\/#\/schema\/person\/9277649f8e04dd48c3d73bbaf2c7bebc"},"headline":"P\u00c9REZ MU\u00d1OZ LA L\u00cdNEA, S.A.","datePublished":"2016-11-11T10:52:39+00:00","dateModified":"2021-06-14T08:16:28+00:00","mainEntityOfPage":{"@id":"https:\/\/comport.es\/index.php\/transitarios\/perez-munoz-la-linea-s-a\/"},"wordCount":137,"commentCount":0,"publisher":{"@id":"https:\/\/comport.es\/#organization"},"image":{"@id":"https:\/\/comport.es\/index.php\/transitarios\/perez-munoz-la-linea-s-a\/#primaryimage"},"thumbnailUrl":"https:\/\/comport.es\/wp-content\/uploads\/2016\/11\/perez-munoz-1.png","articleSection":["ALMACENES","TRANSITARIOS Y REPRESENTANTES ADUANEROS","TRANSPORTES"],"inLanguage":"es","potentialAction":[{"@type":"CommentAction","name":"Comment","target":["https:\/\/comport.es\/index.php\/transitarios\/perez-munoz-la-linea-s-a\/#respond"]}]},{"@type":"WebPage","@id":"https:\/\/comport.es\/index.php\/transitarios\/perez-munoz-la-linea-s-a\/","url":"https:\/\/comport.es\/index.php\/transitarios\/perez-munoz-la-linea-s-a\/","name":"P\u00c9REZ MU\u00d1OZ LA L\u00cdNEA, S.A. | COMPORT","isPartOf":{"@id":"https:\/\/comport.es\/#website"},"primaryImageOfPage":{"@id":"https:\/\/comport.es\/index.php\/transitarios\/perez-munoz-la-linea-s-a\/#primaryimage"},"image":{"@id":"https:\/\/comport.es\/index.php\/transitarios\/perez-munoz-la-linea-s-a\/#primaryimage"},"thumbnailUrl":"https:\/\/comport.es\/wp-content\/uploads\/2016\/11\/perez-munoz-1.png","datePublished":"2016-11-11T10:52:39+00:00","dateModified":"2021-06-14T08:16:28+00:00","breadcrumb":{"@id":"https:\/\/comport.es\/index.php\/transitarios\/perez-munoz-la-linea-s-a\/#breadcrumb"},"inLanguage":"es","potentialAction":[{"@type":"ReadAction","target":["https:\/\/comport.es\/index.php\/transitarios\/perez-munoz-la-linea-s-a\/"]}]},{"@type":"ImageObject","inLanguage":"es","@id":"https:\/\/comport.es\/index.php\/transitarios\/perez-munoz-la-linea-s-a\/#primaryimage","url":"https:\/\/comport.es\/wp-content\/uploads\/2016\/11\/perez-munoz-1.png","contentUrl":"https:\/\/comport.es\/wp-content\/uploads\/2016\/11\/perez-munoz-1.png","width":1300,"height":722},{"@type":"BreadcrumbList","@id":"https:\/\/comport.es\/index.php\/transitarios\/perez-munoz-la-linea-s-a\/#breadcrumb","itemListElement":[{"@type":"ListItem","position":1,"name":"Portada","item":"https:\/\/comport.es\/"},{"@type":"ListItem","position":2,"name":"P\u00c9REZ MU\u00d1OZ LA L\u00cdNEA, S.A."}]},{"@type":"WebSite","@id":"https:\/\/comport.es\/#website","url":"https:\/\/comport.es\/","name":"COMPORT","description":"Port Community of Algeciras Bay","publisher":{"@id":"https:\/\/comport.es\/#organization"},"potentialAction":[{"@type":"SearchAction","target":{"@type":"EntryPoint","urlTemplate":"https:\/\/comport.es\/?s={search_term_string}"},"query-input":{"@type":"PropertyValueSpecification","valueRequired":true,"valueName":"search_term_string"}}],"inLanguage":"es"},{"@type":"Organization","@id":"https:\/\/comport.es\/#organization","name":"ALGECIRAS PORT COMMUNITY - COMPORT","url":"https:\/\/comport.es\/","logo":{"@type":"ImageObject","inLanguage":"es","@id":"https:\/\/comport.es\/#\/schema\/logo\/image\/","url":"https:\/\/comport.es\/wp-content\/uploads\/2020\/10\/logo_comport_20m.png","contentUrl":"https:\/\/comport.es\/wp-content\/uploads\/2020\/10\/logo_comport_20m.png","width":600,"height":170,"caption":"ALGECIRAS PORT COMMUNITY - COMPORT"},"image":{"@id":"https:\/\/comport.es\/#\/schema\/logo\/image\/"}},{"@type":"Person","@id":"https:\/\/comport.es\/#\/schema\/person\/9277649f8e04dd48c3d73bbaf2c7bebc","name":"admincomport"}]}},"_links":{"self":[{"href":"https:\/\/comport.es\/index.php\/wp-json\/wp\/v2\/posts\/4002","targetHints":{"allow":["GET"]}}],"collection":[{"href":"https:\/\/comport.es\/index.php\/wp-json\/wp\/v2\/posts"}],"about":[{"href":"https:\/\/comport.es\/index.php\/wp-json\/wp\/v2\/types\/post"}],"author":[{"embeddable":true,"href":"https:\/\/comport.es\/index.php\/wp-json\/wp\/v2\/users\/1"}],"replies":[{"embeddable":true,"href":"https:\/\/comport.es\/index.php\/wp-json\/wp\/v2\/comments?post=4002"}],"version-history":[{"count":10,"href":"https:\/\/comport.es\/index.php\/wp-json\/wp\/v2\/posts\/4002\/revisions"}],"predecessor-version":[{"id":7494,"href":"https:\/\/comport.es\/index.php\/wp-json\/wp\/v2\/posts\/4002\/revisions\/7494"}],"wp:featuredmedia":[{"embeddable":true,"href":"https:\/\/comport.es\/index.php\/wp-json\/wp\/v2\/media\/4769"}],"wp:attachment":[{"href":"https:\/\/comport.es\/index.php\/wp-json\/wp\/v2\/media?parent=4002"}],"wp:term":[{"taxonomy":"category","embeddable":true,"href":"https:\/\/comport.es\/index.php\/wp-json\/wp\/v2\/categories?post=4002"},{"taxonomy":"post_tag","embeddable":true,"href":"https:\/\/comport.es\/index.php\/wp-json\/wp\/v2\/tags?post=4002"}],"curies":[{"name":"wp","href":"https:\/\/api.w.org\/{rel}","templated":true}]}}