{"id":3928,"date":"2016-11-10T09:50:43","date_gmt":"2016-11-10T09:50:43","guid":{"rendered":"http:\/.es\/?p=3928"},"modified":"2019-01-15T15:03:09","modified_gmt":"2019-01-15T15:03:09","slug":"area-logistica-bahia-de-algeciras","status":"publish","type":"post","link":"https:\/\/comport.es\/index.php\/organismos-oficiales\/area-logistica-bahia-de-algeciras\/","title":{"rendered":"RED LOG\u00cdSTICA DE ANDALUC\u00cdA"},"content":{"rendered":"<h3 style=\"text-align: justify;\"><span style=\"color: #000000;\"><strong>Datos de contacto<\/strong><\/span><\/h3>\n<p style=\"text-align: justify;\"><span style=\"color: #000000;\"><strong>DOMICILIO: <\/strong>Edificio de Servicios \u00c1rea de El fresno. ZAL Bah\u00eda de Algeciras.. 11370. LOS BARRIOS.<\/span><\/p>\n<p style=\"text-align: justify;\"><span style=\"color: #000000;\"><strong>TEL: +<\/strong>34 956 688 307<\/span><\/p>\n<p style=\"text-align: justify;\"><span style=\"color: #000000;\"><strong>EMAIL:&nbsp;<\/strong> <a href=\"mailto:info@redlogisticadeandalucia.es\">info@redlogisticadeandalucia.es<\/a><\/span><\/p>\n<p style=\"text-align: justify;\"><span style=\"color: #000000;\"><strong>WEB:&nbsp;<\/strong> <a href=\"http:\/\/www.redlogisticadeandalucia.es\" target=\"_blank\" rel=\"noopener\">www.redlogisticadeandalucia.es<\/a><\/span><\/p>\n<hr>\n<p><iframe loading=\"lazy\" style=\"border: 0;\" src=\"https:\/\/www.google.com\/maps\/embed?pb=!1m18!1m12!1m3!1d13649.932340240866!2d-5.464774899690992!3d36.167647113254205!2m3!1f0!2f0!3f0!3m2!1i1024!2i768!4f13.1!3m3!1m2!1s0x0%3A0x5bb353902e15f4d8!2s%C3%81rea+Log%C3%ADstica+Bah%C3%ADa+de+Algeciras.+Sector+El+Fresno.+Red+Log%C3%ADstica+de+Andaluc%C3%ADa.!5e0!3m2!1ses!2ses!4v1478771323946\" width=\"100%\" height=\"350\" frameborder=\"0\" allowfullscreen=\"allowfullscreen\"><\/iframe><\/p>\n","protected":false},"excerpt":{"rendered":"<p>Datos de contacto DOMICILIO: Edificio de Servicios \u00c1rea de El fresno. ZAL Bah\u00eda de Algeciras.. 11370. LOS BARRIOS. TEL: +34 956 688 307 EMAIL:&nbsp; info@redlogisticadeandalucia.es WEB:&nbsp; www.redlogisticadeandalucia.es<\/p>\n","protected":false},"author":1,"featured_media":4827,"comment_status":"open","ping_status":"open","sticky":false,"template":"","format":"standard","meta":{"footnotes":""},"categories":[909],"tags":[],"class_list":["post-3928","post","type-post","status-publish","format-standard","has-post-thumbnail","hentry","category-organismos-oficiales"],"yoast_head":"<!-- This site is optimized with the Yoast SEO plugin v27.4 - https:\/\/yoast.com\/product\/yoast-seo-wordpress\/ -->\n<title>RED LOG\u00cdSTICA DE ANDALUC\u00cdA | COMPORT<\/title>\n<meta name=\"robots\" content=\"noindex, follow\" \/>\n<meta property=\"og:locale\" content=\"es_ES\" \/>\n<meta property=\"og:type\" content=\"article\" \/>\n<meta property=\"og:title\" content=\"RED LOG\u00cdSTICA DE ANDALUC\u00cdA | COMPORT\" \/>\n<meta property=\"og:description\" content=\"Datos de contacto DOMICILIO: Edificio de Servicios \u00c1rea de El fresno. ZAL Bah\u00eda de Algeciras.. 11370. LOS BARRIOS. TEL: +34 956 688 307 EMAIL:&nbsp; info@redlogisticadeandalucia.es WEB:&nbsp; www.redlogisticadeandalucia.es\" \/>\n<meta property=\"og:url\" content=\"https:\/\/comport.es\/index.php\/organismos-oficiales\/area-logistica-bahia-de-algeciras\/\" \/>\n<meta property=\"og:site_name\" content=\"COMPORT\" \/>\n<meta property=\"article:published_time\" content=\"2016-11-10T09:50:43+00:00\" \/>\n<meta property=\"article:modified_time\" content=\"2019-01-15T15:03:09+00:00\" \/>\n<meta property=\"og:image\" content=\"https:\/\/comport.es\/wp-content\/uploads\/2016\/11\/redlogistica-1.png\" \/>\n\t<meta property=\"og:image:width\" content=\"1300\" \/>\n\t<meta property=\"og:image:height\" content=\"722\" \/>\n\t<meta property=\"og:image:type\" content=\"image\/png\" \/>\n<meta name=\"author\" content=\"admincomport\" \/>\n<meta name=\"twitter:card\" content=\"summary_large_image\" \/>\n<meta name=\"twitter:label1\" content=\"Escrito por\" \/>\n\t<meta name=\"twitter:data1\" content=\"admincomport\" \/>\n<script type=\"application\/ld+json\" class=\"yoast-schema-graph\">{\"@context\":\"https:\\\/\\\/schema.org\",\"@graph\":[{\"@type\":\"Article\",\"@id\":\"https:\\\/\\\/comport.es\\\/index.php\\\/organismos-oficiales\\\/area-logistica-bahia-de-algeciras\\\/#article\",\"isPartOf\":{\"@id\":\"https:\\\/\\\/comport.es\\\/index.php\\\/organismos-oficiales\\\/area-logistica-bahia-de-algeciras\\\/\"},\"author\":{\"name\":\"admincomport\",\"@id\":\"https:\\\/\\\/comport.es\\\/#\\\/schema\\\/person\\\/9277649f8e04dd48c3d73bbaf2c7bebc\"},\"headline\":\"RED LOG\u00cdSTICA DE ANDALUC\u00cdA\",\"datePublished\":\"2016-11-10T09:50:43+00:00\",\"dateModified\":\"2019-01-15T15:03:09+00:00\",\"mainEntityOfPage\":{\"@id\":\"https:\\\/\\\/comport.es\\\/index.php\\\/organismos-oficiales\\\/area-logistica-bahia-de-algeciras\\\/\"},\"wordCount\":35,\"commentCount\":0,\"publisher\":{\"@id\":\"https:\\\/\\\/comport.es\\\/#organization\"},\"image\":{\"@id\":\"https:\\\/\\\/comport.es\\\/index.php\\\/organismos-oficiales\\\/area-logistica-bahia-de-algeciras\\\/#primaryimage\"},\"thumbnailUrl\":\"https:\\\/\\\/comport.es\\\/wp-content\\\/uploads\\\/2016\\\/11\\\/redlogistica-1.png\",\"articleSection\":[\"ORGANISMOS OFICIALES\"],\"inLanguage\":\"es\",\"potentialAction\":[{\"@type\":\"CommentAction\",\"name\":\"Comment\",\"target\":[\"https:\\\/\\\/comport.es\\\/index.php\\\/organismos-oficiales\\\/area-logistica-bahia-de-algeciras\\\/#respond\"]}]},{\"@type\":\"WebPage\",\"@id\":\"https:\\\/\\\/comport.es\\\/index.php\\\/organismos-oficiales\\\/area-logistica-bahia-de-algeciras\\\/\",\"url\":\"https:\\\/\\\/comport.es\\\/index.php\\\/organismos-oficiales\\\/area-logistica-bahia-de-algeciras\\\/\",\"name\":\"RED LOG\u00cdSTICA DE ANDALUC\u00cdA | COMPORT\",\"isPartOf\":{\"@id\":\"https:\\\/\\\/comport.es\\\/#website\"},\"primaryImageOfPage\":{\"@id\":\"https:\\\/\\\/comport.es\\\/index.php\\\/organismos-oficiales\\\/area-logistica-bahia-de-algeciras\\\/#primaryimage\"},\"image\":{\"@id\":\"https:\\\/\\\/comport.es\\\/index.php\\\/organismos-oficiales\\\/area-logistica-bahia-de-algeciras\\\/#primaryimage\"},\"thumbnailUrl\":\"https:\\\/\\\/comport.es\\\/wp-content\\\/uploads\\\/2016\\\/11\\\/redlogistica-1.png\",\"datePublished\":\"2016-11-10T09:50:43+00:00\",\"dateModified\":\"2019-01-15T15:03:09+00:00\",\"breadcrumb\":{\"@id\":\"https:\\\/\\\/comport.es\\\/index.php\\\/organismos-oficiales\\\/area-logistica-bahia-de-algeciras\\\/#breadcrumb\"},\"inLanguage\":\"es\",\"potentialAction\":[{\"@type\":\"ReadAction\",\"target\":[\"https:\\\/\\\/comport.es\\\/index.php\\\/organismos-oficiales\\\/area-logistica-bahia-de-algeciras\\\/\"]}]},{\"@type\":\"ImageObject\",\"inLanguage\":\"es\",\"@id\":\"https:\\\/\\\/comport.es\\\/index.php\\\/organismos-oficiales\\\/area-logistica-bahia-de-algeciras\\\/#primaryimage\",\"url\":\"https:\\\/\\\/comport.es\\\/wp-content\\\/uploads\\\/2016\\\/11\\\/redlogistica-1.png\",\"contentUrl\":\"https:\\\/\\\/comport.es\\\/wp-content\\\/uploads\\\/2016\\\/11\\\/redlogistica-1.png\",\"width\":1300,\"height\":722},{\"@type\":\"BreadcrumbList\",\"@id\":\"https:\\\/\\\/comport.es\\\/index.php\\\/organismos-oficiales\\\/area-logistica-bahia-de-algeciras\\\/#breadcrumb\",\"itemListElement\":[{\"@type\":\"ListItem\",\"position\":1,\"name\":\"Portada\",\"item\":\"https:\\\/\\\/comport.es\\\/\"},{\"@type\":\"ListItem\",\"position\":2,\"name\":\"RED LOG\u00cdSTICA DE ANDALUC\u00cdA\"}]},{\"@type\":\"WebSite\",\"@id\":\"https:\\\/\\\/comport.es\\\/#website\",\"url\":\"https:\\\/\\\/comport.es\\\/\",\"name\":\"COMPORT\",\"description\":\"Port Community of Algeciras Bay\",\"publisher\":{\"@id\":\"https:\\\/\\\/comport.es\\\/#organization\"},\"potentialAction\":[{\"@type\":\"SearchAction\",\"target\":{\"@type\":\"EntryPoint\",\"urlTemplate\":\"https:\\\/\\\/comport.es\\\/?s={search_term_string}\"},\"query-input\":{\"@type\":\"PropertyValueSpecification\",\"valueRequired\":true,\"valueName\":\"search_term_string\"}}],\"inLanguage\":\"es\"},{\"@type\":\"Organization\",\"@id\":\"https:\\\/\\\/comport.es\\\/#organization\",\"name\":\"ALGECIRAS PORT COMMUNITY - COMPORT\",\"url\":\"https:\\\/\\\/comport.es\\\/\",\"logo\":{\"@type\":\"ImageObject\",\"inLanguage\":\"es\",\"@id\":\"https:\\\/\\\/comport.es\\\/#\\\/schema\\\/logo\\\/image\\\/\",\"url\":\"https:\\\/\\\/comport.es\\\/wp-content\\\/uploads\\\/2020\\\/10\\\/logo_comport_20m.png\",\"contentUrl\":\"https:\\\/\\\/comport.es\\\/wp-content\\\/uploads\\\/2020\\\/10\\\/logo_comport_20m.png\",\"width\":600,\"height\":170,\"caption\":\"ALGECIRAS PORT COMMUNITY - COMPORT\"},\"image\":{\"@id\":\"https:\\\/\\\/comport.es\\\/#\\\/schema\\\/logo\\\/image\\\/\"}},{\"@type\":\"Person\",\"@id\":\"https:\\\/\\\/comport.es\\\/#\\\/schema\\\/person\\\/9277649f8e04dd48c3d73bbaf2c7bebc\",\"name\":\"admincomport\"}]}<\/script>\n<!-- \/ Yoast SEO plugin. -->","yoast_head_json":{"title":"RED LOG\u00cdSTICA DE ANDALUC\u00cdA | COMPORT","robots":{"index":"noindex","follow":"follow"},"og_locale":"es_ES","og_type":"article","og_title":"RED LOG\u00cdSTICA DE ANDALUC\u00cdA | COMPORT","og_description":"Datos de contacto DOMICILIO: Edificio de Servicios \u00c1rea de El fresno. ZAL Bah\u00eda de Algeciras.. 11370. LOS BARRIOS. TEL: +34 956 688 307 EMAIL:&nbsp; info@redlogisticadeandalucia.es WEB:&nbsp; www.redlogisticadeandalucia.es","og_url":"https:\/\/comport.es\/index.php\/organismos-oficiales\/area-logistica-bahia-de-algeciras\/","og_site_name":"COMPORT","article_published_time":"2016-11-10T09:50:43+00:00","article_modified_time":"2019-01-15T15:03:09+00:00","og_image":[{"width":1300,"height":722,"url":"https:\/\/comport.es\/wp-content\/uploads\/2016\/11\/redlogistica-1.png","type":"image\/png"}],"author":"admincomport","twitter_card":"summary_large_image","twitter_misc":{"Escrito por":"admincomport"},"schema":{"@context":"https:\/\/schema.org","@graph":[{"@type":"Article","@id":"https:\/\/comport.es\/index.php\/organismos-oficiales\/area-logistica-bahia-de-algeciras\/#article","isPartOf":{"@id":"https:\/\/comport.es\/index.php\/organismos-oficiales\/area-logistica-bahia-de-algeciras\/"},"author":{"name":"admincomport","@id":"https:\/\/comport.es\/#\/schema\/person\/9277649f8e04dd48c3d73bbaf2c7bebc"},"headline":"RED LOG\u00cdSTICA DE ANDALUC\u00cdA","datePublished":"2016-11-10T09:50:43+00:00","dateModified":"2019-01-15T15:03:09+00:00","mainEntityOfPage":{"@id":"https:\/\/comport.es\/index.php\/organismos-oficiales\/area-logistica-bahia-de-algeciras\/"},"wordCount":35,"commentCount":0,"publisher":{"@id":"https:\/\/comport.es\/#organization"},"image":{"@id":"https:\/\/comport.es\/index.php\/organismos-oficiales\/area-logistica-bahia-de-algeciras\/#primaryimage"},"thumbnailUrl":"https:\/\/comport.es\/wp-content\/uploads\/2016\/11\/redlogistica-1.png","articleSection":["ORGANISMOS OFICIALES"],"inLanguage":"es","potentialAction":[{"@type":"CommentAction","name":"Comment","target":["https:\/\/comport.es\/index.php\/organismos-oficiales\/area-logistica-bahia-de-algeciras\/#respond"]}]},{"@type":"WebPage","@id":"https:\/\/comport.es\/index.php\/organismos-oficiales\/area-logistica-bahia-de-algeciras\/","url":"https:\/\/comport.es\/index.php\/organismos-oficiales\/area-logistica-bahia-de-algeciras\/","name":"RED LOG\u00cdSTICA DE ANDALUC\u00cdA | COMPORT","isPartOf":{"@id":"https:\/\/comport.es\/#website"},"primaryImageOfPage":{"@id":"https:\/\/comport.es\/index.php\/organismos-oficiales\/area-logistica-bahia-de-algeciras\/#primaryimage"},"image":{"@id":"https:\/\/comport.es\/index.php\/organismos-oficiales\/area-logistica-bahia-de-algeciras\/#primaryimage"},"thumbnailUrl":"https:\/\/comport.es\/wp-content\/uploads\/2016\/11\/redlogistica-1.png","datePublished":"2016-11-10T09:50:43+00:00","dateModified":"2019-01-15T15:03:09+00:00","breadcrumb":{"@id":"https:\/\/comport.es\/index.php\/organismos-oficiales\/area-logistica-bahia-de-algeciras\/#breadcrumb"},"inLanguage":"es","potentialAction":[{"@type":"ReadAction","target":["https:\/\/comport.es\/index.php\/organismos-oficiales\/area-logistica-bahia-de-algeciras\/"]}]},{"@type":"ImageObject","inLanguage":"es","@id":"https:\/\/comport.es\/index.php\/organismos-oficiales\/area-logistica-bahia-de-algeciras\/#primaryimage","url":"https:\/\/comport.es\/wp-content\/uploads\/2016\/11\/redlogistica-1.png","contentUrl":"https:\/\/comport.es\/wp-content\/uploads\/2016\/11\/redlogistica-1.png","width":1300,"height":722},{"@type":"BreadcrumbList","@id":"https:\/\/comport.es\/index.php\/organismos-oficiales\/area-logistica-bahia-de-algeciras\/#breadcrumb","itemListElement":[{"@type":"ListItem","position":1,"name":"Portada","item":"https:\/\/comport.es\/"},{"@type":"ListItem","position":2,"name":"RED LOG\u00cdSTICA DE ANDALUC\u00cdA"}]},{"@type":"WebSite","@id":"https:\/\/comport.es\/#website","url":"https:\/\/comport.es\/","name":"COMPORT","description":"Port Community of Algeciras Bay","publisher":{"@id":"https:\/\/comport.es\/#organization"},"potentialAction":[{"@type":"SearchAction","target":{"@type":"EntryPoint","urlTemplate":"https:\/\/comport.es\/?s={search_term_string}"},"query-input":{"@type":"PropertyValueSpecification","valueRequired":true,"valueName":"search_term_string"}}],"inLanguage":"es"},{"@type":"Organization","@id":"https:\/\/comport.es\/#organization","name":"ALGECIRAS PORT COMMUNITY - COMPORT","url":"https:\/\/comport.es\/","logo":{"@type":"ImageObject","inLanguage":"es","@id":"https:\/\/comport.es\/#\/schema\/logo\/image\/","url":"https:\/\/comport.es\/wp-content\/uploads\/2020\/10\/logo_comport_20m.png","contentUrl":"https:\/\/comport.es\/wp-content\/uploads\/2020\/10\/logo_comport_20m.png","width":600,"height":170,"caption":"ALGECIRAS PORT COMMUNITY - COMPORT"},"image":{"@id":"https:\/\/comport.es\/#\/schema\/logo\/image\/"}},{"@type":"Person","@id":"https:\/\/comport.es\/#\/schema\/person\/9277649f8e04dd48c3d73bbaf2c7bebc","name":"admincomport"}]}},"_links":{"self":[{"href":"https:\/\/comport.es\/index.php\/wp-json\/wp\/v2\/posts\/3928","targetHints":{"allow":["GET"]}}],"collection":[{"href":"https:\/\/comport.es\/index.php\/wp-json\/wp\/v2\/posts"}],"about":[{"href":"https:\/\/comport.es\/index.php\/wp-json\/wp\/v2\/types\/post"}],"author":[{"embeddable":true,"href":"https:\/\/comport.es\/index.php\/wp-json\/wp\/v2\/users\/1"}],"replies":[{"embeddable":true,"href":"https:\/\/comport.es\/index.php\/wp-json\/wp\/v2\/comments?post=3928"}],"version-history":[{"count":5,"href":"https:\/\/comport.es\/index.php\/wp-json\/wp\/v2\/posts\/3928\/revisions"}],"predecessor-version":[{"id":6333,"href":"https:\/\/comport.es\/index.php\/wp-json\/wp\/v2\/posts\/3928\/revisions\/6333"}],"wp:featuredmedia":[{"embeddable":true,"href":"https:\/\/comport.es\/index.php\/wp-json\/wp\/v2\/media\/4827"}],"wp:attachment":[{"href":"https:\/\/comport.es\/index.php\/wp-json\/wp\/v2\/media?parent=3928"}],"wp:term":[{"taxonomy":"category","embeddable":true,"href":"https:\/\/comport.es\/index.php\/wp-json\/wp\/v2\/categories?post=3928"},{"taxonomy":"post_tag","embeddable":true,"href":"https:\/\/comport.es\/index.php\/wp-json\/wp\/v2\/tags?post=3928"}],"curies":[{"name":"wp","href":"https:\/\/api.w.org\/{rel}","templated":true}]}}