{"id":3921,"date":"2016-11-10T09:37:03","date_gmt":"2016-11-10T09:37:03","guid":{"rendered":"http:\/.es\/?p=3921"},"modified":"2021-03-09T10:53:56","modified_gmt":"2021-03-09T10:53:56","slug":"camara-oficial-de-comercio-industria-y-navegacion","status":"publish","type":"post","link":"https:\/\/comport.es\/index.php\/organismos-oficiales\/camara-oficial-de-comercio-industria-y-navegacion\/","title":{"rendered":"C\u00c1MARA OFICIAL DE COMERCIO, INDUSTRIA Y NAVEGACI\u00d3N"},"content":{"rendered":"<h3 style=\"text-align: justify;\"><span style=\"color: #000000;\"><strong>Datos de contacto<\/strong><\/span><\/h3>\n<p style=\"text-align: justify;\"><span style=\"color: #000000;\"><strong>DOMICILIO: <\/strong>Paseo de la Cornisa s\/n.\u00a011204.\u00a0ALGECIRAS.<\/span><\/p>\n<p style=\"text-align: justify;\"><span style=\"color: #000000;\"><strong>TEL: +<\/strong>34 956 646 900<\/span><\/p>\n<p style=\"text-align: justify;\"><span style=\"color: #000000;\"><strong>EMAIL:\u00a0<\/strong> <a href=\"mailto:info@camaracg.com\">info@camaracg.com<\/a><\/span><\/p>\n<p style=\"text-align: justify;\"><span style=\"color: #000000;\"><strong>WEB:\u00a0<\/strong> <a href=\"http:\/\/www.camaracg.com\" target=\"_blank\" rel=\"noopener\">www.camaracg.com<\/a><\/span><strong><span style=\"color: #000000;\">\u00a0<\/span><\/strong><\/p>\n<hr \/>\n<p><iframe loading=\"lazy\" style=\"border: 0;\" src=\"https:\/\/www.google.com\/maps\/embed?pb=!1m14!1m8!1m3!1d12887.92792411687!2d-5.447161!3d36.142652!3m2!1i1024!2i768!4f13.1!3m3!1m2!1s0x0%3A0xf7012b77726b2499!2sC%C3%A1mara+de+Comercio+del+Campo+de+Gibraltar!5e0!3m2!1ses!2ses!4v1478770744151\" width=\"100%\" height=\"350\" frameborder=\"0\" allowfullscreen=\"allowfullscreen\"><\/iframe><\/p>\n","protected":false},"excerpt":{"rendered":"<p>Datos de contacto DOMICILIO: Paseo de la Cornisa s\/n.\u00a011204.\u00a0ALGECIRAS. TEL: +34 956 646 900 EMAIL:\u00a0 info@camaracg.com WEB:\u00a0 www.camaracg.com\u00a0<\/p>\n","protected":false},"author":1,"featured_media":7251,"comment_status":"open","ping_status":"open","sticky":false,"template":"","format":"standard","meta":{"footnotes":""},"categories":[909],"tags":[],"class_list":["post-3921","post","type-post","status-publish","format-standard","has-post-thumbnail","hentry","category-organismos-oficiales"],"yoast_head":"<!-- This site is optimized with the Yoast SEO plugin v27.4 - https:\/\/yoast.com\/product\/yoast-seo-wordpress\/ -->\n<title>C\u00c1MARA OFICIAL DE COMERCIO, INDUSTRIA Y NAVEGACI\u00d3N | COMPORT<\/title>\n<meta name=\"robots\" content=\"noindex, follow\" \/>\n<meta property=\"og:locale\" content=\"es_ES\" \/>\n<meta property=\"og:type\" content=\"article\" \/>\n<meta property=\"og:title\" content=\"C\u00c1MARA OFICIAL DE COMERCIO, INDUSTRIA Y NAVEGACI\u00d3N | COMPORT\" \/>\n<meta property=\"og:description\" content=\"Datos de contacto DOMICILIO: Paseo de la Cornisa s\/n.\u00a011204.\u00a0ALGECIRAS. TEL: +34 956 646 900 EMAIL:\u00a0 info@camaracg.com WEB:\u00a0 www.camaracg.com\u00a0\" \/>\n<meta property=\"og:url\" content=\"https:\/\/comport.es\/index.php\/organismos-oficiales\/camara-oficial-de-comercio-industria-y-navegacion\/\" \/>\n<meta property=\"og:site_name\" content=\"COMPORT\" \/>\n<meta property=\"article:published_time\" content=\"2016-11-10T09:37:03+00:00\" \/>\n<meta property=\"article:modified_time\" content=\"2021-03-09T10:53:56+00:00\" \/>\n<meta property=\"og:image\" content=\"https:\/\/comport.es\/wp-content\/uploads\/2021\/01\/LOGO_CAMARA_21.jpg\" \/>\n\t<meta property=\"og:image:width\" content=\"1300\" \/>\n\t<meta property=\"og:image:height\" content=\"722\" \/>\n\t<meta property=\"og:image:type\" content=\"image\/jpeg\" \/>\n<meta name=\"author\" content=\"admincomport\" \/>\n<meta name=\"twitter:card\" content=\"summary_large_image\" \/>\n<meta name=\"twitter:label1\" content=\"Escrito por\" \/>\n\t<meta name=\"twitter:data1\" content=\"admincomport\" \/>\n<script type=\"application\/ld+json\" class=\"yoast-schema-graph\">{\"@context\":\"https:\\\/\\\/schema.org\",\"@graph\":[{\"@type\":\"Article\",\"@id\":\"https:\\\/\\\/comport.es\\\/index.php\\\/organismos-oficiales\\\/camara-oficial-de-comercio-industria-y-navegacion\\\/#article\",\"isPartOf\":{\"@id\":\"https:\\\/\\\/comport.es\\\/index.php\\\/organismos-oficiales\\\/camara-oficial-de-comercio-industria-y-navegacion\\\/\"},\"author\":{\"name\":\"admincomport\",\"@id\":\"https:\\\/\\\/comport.es\\\/#\\\/schema\\\/person\\\/9277649f8e04dd48c3d73bbaf2c7bebc\"},\"headline\":\"C\u00c1MARA OFICIAL DE COMERCIO, INDUSTRIA Y NAVEGACI\u00d3N\",\"datePublished\":\"2016-11-10T09:37:03+00:00\",\"dateModified\":\"2021-03-09T10:53:56+00:00\",\"mainEntityOfPage\":{\"@id\":\"https:\\\/\\\/comport.es\\\/index.php\\\/organismos-oficiales\\\/camara-oficial-de-comercio-industria-y-navegacion\\\/\"},\"wordCount\":29,\"commentCount\":0,\"publisher\":{\"@id\":\"https:\\\/\\\/comport.es\\\/#organization\"},\"image\":{\"@id\":\"https:\\\/\\\/comport.es\\\/index.php\\\/organismos-oficiales\\\/camara-oficial-de-comercio-industria-y-navegacion\\\/#primaryimage\"},\"thumbnailUrl\":\"https:\\\/\\\/comport.es\\\/wp-content\\\/uploads\\\/2021\\\/01\\\/LOGO_CAMARA_21.jpg\",\"articleSection\":[\"ORGANISMOS OFICIALES\"],\"inLanguage\":\"es\",\"potentialAction\":[{\"@type\":\"CommentAction\",\"name\":\"Comment\",\"target\":[\"https:\\\/\\\/comport.es\\\/index.php\\\/organismos-oficiales\\\/camara-oficial-de-comercio-industria-y-navegacion\\\/#respond\"]}]},{\"@type\":\"WebPage\",\"@id\":\"https:\\\/\\\/comport.es\\\/index.php\\\/organismos-oficiales\\\/camara-oficial-de-comercio-industria-y-navegacion\\\/\",\"url\":\"https:\\\/\\\/comport.es\\\/index.php\\\/organismos-oficiales\\\/camara-oficial-de-comercio-industria-y-navegacion\\\/\",\"name\":\"C\u00c1MARA OFICIAL DE COMERCIO, INDUSTRIA Y NAVEGACI\u00d3N | COMPORT\",\"isPartOf\":{\"@id\":\"https:\\\/\\\/comport.es\\\/#website\"},\"primaryImageOfPage\":{\"@id\":\"https:\\\/\\\/comport.es\\\/index.php\\\/organismos-oficiales\\\/camara-oficial-de-comercio-industria-y-navegacion\\\/#primaryimage\"},\"image\":{\"@id\":\"https:\\\/\\\/comport.es\\\/index.php\\\/organismos-oficiales\\\/camara-oficial-de-comercio-industria-y-navegacion\\\/#primaryimage\"},\"thumbnailUrl\":\"https:\\\/\\\/comport.es\\\/wp-content\\\/uploads\\\/2021\\\/01\\\/LOGO_CAMARA_21.jpg\",\"datePublished\":\"2016-11-10T09:37:03+00:00\",\"dateModified\":\"2021-03-09T10:53:56+00:00\",\"breadcrumb\":{\"@id\":\"https:\\\/\\\/comport.es\\\/index.php\\\/organismos-oficiales\\\/camara-oficial-de-comercio-industria-y-navegacion\\\/#breadcrumb\"},\"inLanguage\":\"es\",\"potentialAction\":[{\"@type\":\"ReadAction\",\"target\":[\"https:\\\/\\\/comport.es\\\/index.php\\\/organismos-oficiales\\\/camara-oficial-de-comercio-industria-y-navegacion\\\/\"]}]},{\"@type\":\"ImageObject\",\"inLanguage\":\"es\",\"@id\":\"https:\\\/\\\/comport.es\\\/index.php\\\/organismos-oficiales\\\/camara-oficial-de-comercio-industria-y-navegacion\\\/#primaryimage\",\"url\":\"https:\\\/\\\/comport.es\\\/wp-content\\\/uploads\\\/2021\\\/01\\\/LOGO_CAMARA_21.jpg\",\"contentUrl\":\"https:\\\/\\\/comport.es\\\/wp-content\\\/uploads\\\/2021\\\/01\\\/LOGO_CAMARA_21.jpg\",\"width\":1300,\"height\":722},{\"@type\":\"BreadcrumbList\",\"@id\":\"https:\\\/\\\/comport.es\\\/index.php\\\/organismos-oficiales\\\/camara-oficial-de-comercio-industria-y-navegacion\\\/#breadcrumb\",\"itemListElement\":[{\"@type\":\"ListItem\",\"position\":1,\"name\":\"Portada\",\"item\":\"https:\\\/\\\/comport.es\\\/\"},{\"@type\":\"ListItem\",\"position\":2,\"name\":\"C\u00c1MARA OFICIAL DE COMERCIO, INDUSTRIA Y NAVEGACI\u00d3N\"}]},{\"@type\":\"WebSite\",\"@id\":\"https:\\\/\\\/comport.es\\\/#website\",\"url\":\"https:\\\/\\\/comport.es\\\/\",\"name\":\"COMPORT\",\"description\":\"Port Community of Algeciras Bay\",\"publisher\":{\"@id\":\"https:\\\/\\\/comport.es\\\/#organization\"},\"potentialAction\":[{\"@type\":\"SearchAction\",\"target\":{\"@type\":\"EntryPoint\",\"urlTemplate\":\"https:\\\/\\\/comport.es\\\/?s={search_term_string}\"},\"query-input\":{\"@type\":\"PropertyValueSpecification\",\"valueRequired\":true,\"valueName\":\"search_term_string\"}}],\"inLanguage\":\"es\"},{\"@type\":\"Organization\",\"@id\":\"https:\\\/\\\/comport.es\\\/#organization\",\"name\":\"ALGECIRAS PORT COMMUNITY - COMPORT\",\"url\":\"https:\\\/\\\/comport.es\\\/\",\"logo\":{\"@type\":\"ImageObject\",\"inLanguage\":\"es\",\"@id\":\"https:\\\/\\\/comport.es\\\/#\\\/schema\\\/logo\\\/image\\\/\",\"url\":\"https:\\\/\\\/comport.es\\\/wp-content\\\/uploads\\\/2020\\\/10\\\/logo_comport_20m.png\",\"contentUrl\":\"https:\\\/\\\/comport.es\\\/wp-content\\\/uploads\\\/2020\\\/10\\\/logo_comport_20m.png\",\"width\":600,\"height\":170,\"caption\":\"ALGECIRAS PORT COMMUNITY - COMPORT\"},\"image\":{\"@id\":\"https:\\\/\\\/comport.es\\\/#\\\/schema\\\/logo\\\/image\\\/\"}},{\"@type\":\"Person\",\"@id\":\"https:\\\/\\\/comport.es\\\/#\\\/schema\\\/person\\\/9277649f8e04dd48c3d73bbaf2c7bebc\",\"name\":\"admincomport\"}]}<\/script>\n<!-- \/ Yoast SEO plugin. -->","yoast_head_json":{"title":"C\u00c1MARA OFICIAL DE COMERCIO, INDUSTRIA Y NAVEGACI\u00d3N | COMPORT","robots":{"index":"noindex","follow":"follow"},"og_locale":"es_ES","og_type":"article","og_title":"C\u00c1MARA OFICIAL DE COMERCIO, INDUSTRIA Y NAVEGACI\u00d3N | COMPORT","og_description":"Datos de contacto DOMICILIO: Paseo de la Cornisa s\/n.\u00a011204.\u00a0ALGECIRAS. TEL: +34 956 646 900 EMAIL:\u00a0 info@camaracg.com WEB:\u00a0 www.camaracg.com\u00a0","og_url":"https:\/\/comport.es\/index.php\/organismos-oficiales\/camara-oficial-de-comercio-industria-y-navegacion\/","og_site_name":"COMPORT","article_published_time":"2016-11-10T09:37:03+00:00","article_modified_time":"2021-03-09T10:53:56+00:00","og_image":[{"width":1300,"height":722,"url":"https:\/\/comport.es\/wp-content\/uploads\/2021\/01\/LOGO_CAMARA_21.jpg","type":"image\/jpeg"}],"author":"admincomport","twitter_card":"summary_large_image","twitter_misc":{"Escrito por":"admincomport"},"schema":{"@context":"https:\/\/schema.org","@graph":[{"@type":"Article","@id":"https:\/\/comport.es\/index.php\/organismos-oficiales\/camara-oficial-de-comercio-industria-y-navegacion\/#article","isPartOf":{"@id":"https:\/\/comport.es\/index.php\/organismos-oficiales\/camara-oficial-de-comercio-industria-y-navegacion\/"},"author":{"name":"admincomport","@id":"https:\/\/comport.es\/#\/schema\/person\/9277649f8e04dd48c3d73bbaf2c7bebc"},"headline":"C\u00c1MARA OFICIAL DE COMERCIO, INDUSTRIA Y NAVEGACI\u00d3N","datePublished":"2016-11-10T09:37:03+00:00","dateModified":"2021-03-09T10:53:56+00:00","mainEntityOfPage":{"@id":"https:\/\/comport.es\/index.php\/organismos-oficiales\/camara-oficial-de-comercio-industria-y-navegacion\/"},"wordCount":29,"commentCount":0,"publisher":{"@id":"https:\/\/comport.es\/#organization"},"image":{"@id":"https:\/\/comport.es\/index.php\/organismos-oficiales\/camara-oficial-de-comercio-industria-y-navegacion\/#primaryimage"},"thumbnailUrl":"https:\/\/comport.es\/wp-content\/uploads\/2021\/01\/LOGO_CAMARA_21.jpg","articleSection":["ORGANISMOS OFICIALES"],"inLanguage":"es","potentialAction":[{"@type":"CommentAction","name":"Comment","target":["https:\/\/comport.es\/index.php\/organismos-oficiales\/camara-oficial-de-comercio-industria-y-navegacion\/#respond"]}]},{"@type":"WebPage","@id":"https:\/\/comport.es\/index.php\/organismos-oficiales\/camara-oficial-de-comercio-industria-y-navegacion\/","url":"https:\/\/comport.es\/index.php\/organismos-oficiales\/camara-oficial-de-comercio-industria-y-navegacion\/","name":"C\u00c1MARA OFICIAL DE COMERCIO, INDUSTRIA Y NAVEGACI\u00d3N | COMPORT","isPartOf":{"@id":"https:\/\/comport.es\/#website"},"primaryImageOfPage":{"@id":"https:\/\/comport.es\/index.php\/organismos-oficiales\/camara-oficial-de-comercio-industria-y-navegacion\/#primaryimage"},"image":{"@id":"https:\/\/comport.es\/index.php\/organismos-oficiales\/camara-oficial-de-comercio-industria-y-navegacion\/#primaryimage"},"thumbnailUrl":"https:\/\/comport.es\/wp-content\/uploads\/2021\/01\/LOGO_CAMARA_21.jpg","datePublished":"2016-11-10T09:37:03+00:00","dateModified":"2021-03-09T10:53:56+00:00","breadcrumb":{"@id":"https:\/\/comport.es\/index.php\/organismos-oficiales\/camara-oficial-de-comercio-industria-y-navegacion\/#breadcrumb"},"inLanguage":"es","potentialAction":[{"@type":"ReadAction","target":["https:\/\/comport.es\/index.php\/organismos-oficiales\/camara-oficial-de-comercio-industria-y-navegacion\/"]}]},{"@type":"ImageObject","inLanguage":"es","@id":"https:\/\/comport.es\/index.php\/organismos-oficiales\/camara-oficial-de-comercio-industria-y-navegacion\/#primaryimage","url":"https:\/\/comport.es\/wp-content\/uploads\/2021\/01\/LOGO_CAMARA_21.jpg","contentUrl":"https:\/\/comport.es\/wp-content\/uploads\/2021\/01\/LOGO_CAMARA_21.jpg","width":1300,"height":722},{"@type":"BreadcrumbList","@id":"https:\/\/comport.es\/index.php\/organismos-oficiales\/camara-oficial-de-comercio-industria-y-navegacion\/#breadcrumb","itemListElement":[{"@type":"ListItem","position":1,"name":"Portada","item":"https:\/\/comport.es\/"},{"@type":"ListItem","position":2,"name":"C\u00c1MARA OFICIAL DE COMERCIO, INDUSTRIA Y NAVEGACI\u00d3N"}]},{"@type":"WebSite","@id":"https:\/\/comport.es\/#website","url":"https:\/\/comport.es\/","name":"COMPORT","description":"Port Community of Algeciras Bay","publisher":{"@id":"https:\/\/comport.es\/#organization"},"potentialAction":[{"@type":"SearchAction","target":{"@type":"EntryPoint","urlTemplate":"https:\/\/comport.es\/?s={search_term_string}"},"query-input":{"@type":"PropertyValueSpecification","valueRequired":true,"valueName":"search_term_string"}}],"inLanguage":"es"},{"@type":"Organization","@id":"https:\/\/comport.es\/#organization","name":"ALGECIRAS PORT COMMUNITY - COMPORT","url":"https:\/\/comport.es\/","logo":{"@type":"ImageObject","inLanguage":"es","@id":"https:\/\/comport.es\/#\/schema\/logo\/image\/","url":"https:\/\/comport.es\/wp-content\/uploads\/2020\/10\/logo_comport_20m.png","contentUrl":"https:\/\/comport.es\/wp-content\/uploads\/2020\/10\/logo_comport_20m.png","width":600,"height":170,"caption":"ALGECIRAS PORT COMMUNITY - COMPORT"},"image":{"@id":"https:\/\/comport.es\/#\/schema\/logo\/image\/"}},{"@type":"Person","@id":"https:\/\/comport.es\/#\/schema\/person\/9277649f8e04dd48c3d73bbaf2c7bebc","name":"admincomport"}]}},"_links":{"self":[{"href":"https:\/\/comport.es\/index.php\/wp-json\/wp\/v2\/posts\/3921","targetHints":{"allow":["GET"]}}],"collection":[{"href":"https:\/\/comport.es\/index.php\/wp-json\/wp\/v2\/posts"}],"about":[{"href":"https:\/\/comport.es\/index.php\/wp-json\/wp\/v2\/types\/post"}],"author":[{"embeddable":true,"href":"https:\/\/comport.es\/index.php\/wp-json\/wp\/v2\/users\/1"}],"replies":[{"embeddable":true,"href":"https:\/\/comport.es\/index.php\/wp-json\/wp\/v2\/comments?post=3921"}],"version-history":[{"count":6,"href":"https:\/\/comport.es\/index.php\/wp-json\/wp\/v2\/posts\/3921\/revisions"}],"predecessor-version":[{"id":5835,"href":"https:\/\/comport.es\/index.php\/wp-json\/wp\/v2\/posts\/3921\/revisions\/5835"}],"wp:featuredmedia":[{"embeddable":true,"href":"https:\/\/comport.es\/index.php\/wp-json\/wp\/v2\/media\/7251"}],"wp:attachment":[{"href":"https:\/\/comport.es\/index.php\/wp-json\/wp\/v2\/media?parent=3921"}],"wp:term":[{"taxonomy":"category","embeddable":true,"href":"https:\/\/comport.es\/index.php\/wp-json\/wp\/v2\/categories?post=3921"},{"taxonomy":"post_tag","embeddable":true,"href":"https:\/\/comport.es\/index.php\/wp-json\/wp\/v2\/tags?post=3921"}],"curies":[{"name":"wp","href":"https:\/\/api.w.org\/{rel}","templated":true}]}}